{"id":299929,"date":"2022-09-20T09:59:28","date_gmt":"2022-09-20T09:59:28","guid":{"rendered":"https:\/\/eyecos.eu\/2022\/09\/20\/primer-libro-atlas-sobre-la-iridoplastia-laser\/"},"modified":"2022-09-20T09:59:28","modified_gmt":"2022-09-20T09:59:28","slug":"primer-libro-atlas-sobre-la-iridoplastia-laser","status":"publish","type":"post","link":"https:\/\/eyecos.eu\/en\/2022\/09\/20\/primer-libro-atlas-sobre-la-iridoplastia-laser\/","title":{"rendered":"Primer libro Atlas sobre la Iridoplastia L\u00e1ser"},"content":{"rendered":"<p><img fetchpriority=\"high\" decoding=\"async\" class=\"wp-image-240812 size-full aligncenter\" src=\"https:\/\/www.eyecos.eu\/wp-content\/uploads\/2022\/09\/atlas-eyecos.png\" alt=\"\" width=\"1088\" height=\"491\" srcset=\"https:\/\/eyecos.eu\/wp-content\/uploads\/2022\/09\/atlas-eyecos.png 1088w, https:\/\/eyecos.eu\/wp-content\/uploads\/2022\/09\/atlas-eyecos-300x135.png 300w, https:\/\/eyecos.eu\/wp-content\/uploads\/2022\/09\/atlas-eyecos-600x271.png 600w, https:\/\/eyecos.eu\/wp-content\/uploads\/2022\/09\/atlas-eyecos-1024x462.png 1024w, https:\/\/eyecos.eu\/wp-content\/uploads\/2022\/09\/atlas-eyecos-768x347.png 768w\" sizes=\"(max-width: 1088px) 100vw, 1088px\" \/>Nos complace anunciar que ya est\u00e1 a la venta El Primer Libro Atlas sobre Iridoplastia L\u00e1ser escrito por el Dr. Grimaldos. Un verdadero placer por el conocimiento de esta moderna y exclusiva t\u00e9cnica.<\/p>\n<div><b>Photoablative iridoplasty. Therapy &amp; Cosmetics<\/b><\/div>\n<div><\/div>\n<div>El m\u00e1s completo Atlas sobre la Iridoplastia L\u00e1ser a nivel mundial publicado hasta ahora.<\/div>\n<div><\/div>\n<div>Con el paso del tiempo y la r\u00e1pida evoluci\u00f3n de las nuevas tecnolog\u00eda l\u00e1ser la atenci\u00f3n oftalmol\u00f3gica sigue dando pasos de gigante, es por eso que se hace necesaria la existencia de una referencia exclusiva y actualizada de la Iridoplastia L\u00e1ser enfocada\u00a0 al sector m\u00e9dico\u00a0oftalm\u00f3logo o a pacientes con estudios del sector ocular. Un Atlas \u00fanico con centenares de fotos HD nunca vistas con m\u00e1s de 400 p\u00e1ginas a todo color y m\u00e1ximo detalle que har\u00e1 de esta lectura un placer a los cinco sentidos.<\/div>\n<p>https:\/\/www.eyecos.eu\/producto\/primer-libro-atlas-sobre-la-iridoplastia-laser\/<\/p>\n","protected":false},"excerpt":{"rendered":"<p>Nos complace anunciar que ya est\u00e1 a la venta El Primer Libro Atlas sobre Iridoplastia L\u00e1ser escrito por el Dr. Grimaldos. Un verdadero placer por el conocimiento de esta moderna y exclusiva t\u00e9cnica. Photoablative iridoplasty. Therapy &amp; Cosmetics El m\u00e1s completo Atlas sobre la Iridoplastia L\u00e1ser a nivel mundial publicado hasta ahora. Con el paso [&hellip;]<\/p>\n","protected":false},"author":2,"featured_media":299930,"comment_status":"closed","ping_status":"open","sticky":false,"template":"","format":"standard","meta":{"footnotes":""},"categories":[122],"tags":[131,137,133],"class_list":["post-299929","post","type-post","status-publish","format-standard","has-post-thumbnail","hentry","category-news","tag-laser","tag-libro","tag-neweyes"],"yoast_head":"<!-- This site is optimized with the Yoast SEO Premium plugin v27.4 (Yoast SEO v27.4) - https:\/\/yoast.com\/product\/yoast-seo-premium-wordpress\/ -->\n<title>Primer libro Atlas sobre la Iridoplastia L\u00e1ser - Cl\u00ednica Eyecos - Cambio color de ojos<\/title>\n<meta name=\"robots\" content=\"index, follow, max-snippet:-1, max-image-preview:large, max-video-preview:-1\" \/>\n<link rel=\"canonical\" href=\"https:\/\/eyecos.eu\/en\/2022\/09\/20\/primer-libro-atlas-sobre-la-iridoplastia-laser\/\" \/>\n<meta property=\"og:locale\" content=\"en_US\" \/>\n<meta property=\"og:type\" content=\"article\" \/>\n<meta property=\"og:title\" content=\"Primer libro Atlas sobre la Iridoplastia L\u00e1ser\" \/>\n<meta property=\"og:description\" content=\"Nos complace anunciar que ya est\u00e1 a la venta El Primer Libro Atlas sobre Iridoplastia L\u00e1ser escrito por el Dr. Grimaldos. Un verdadero placer por el conocimiento de esta moderna y exclusiva t\u00e9cnica. Photoablative iridoplasty. Therapy &amp; Cosmetics El m\u00e1s completo Atlas sobre la Iridoplastia L\u00e1ser a nivel mundial publicado hasta ahora. Con el paso [&hellip;]\" \/>\n<meta property=\"og:url\" content=\"https:\/\/eyecos.eu\/en\/2022\/09\/20\/primer-libro-atlas-sobre-la-iridoplastia-laser\/\" \/>\n<meta property=\"og:site_name\" content=\"Cl\u00ednica Eyecos - Cambio color de ojos\" \/>\n<meta property=\"article:publisher\" content=\"https:\/\/www.facebook.com\/neweyeslaser\" \/>\n<meta property=\"article:published_time\" content=\"2022-09-20T09:59:28+00:00\" \/>\n<meta property=\"og:image\" content=\"https:\/\/eyecos.eu\/wp-content\/uploads\/2022\/09\/atlas-eyecos.png\" \/>\n\t<meta property=\"og:image:width\" content=\"1088\" \/>\n\t<meta property=\"og:image:height\" content=\"491\" \/>\n\t<meta property=\"og:image:type\" content=\"image\/png\" \/>\n<meta name=\"author\" content=\"coordinatormedia@eyecos.eu\" \/>\n<meta name=\"twitter:card\" content=\"summary_large_image\" \/>\n<meta name=\"twitter:creator\" content=\"@NewEyesLaser\" \/>\n<meta name=\"twitter:site\" content=\"@NewEyesLaser\" \/>\n<meta name=\"twitter:label1\" content=\"Written by\" \/>\n\t<meta name=\"twitter:data1\" content=\"coordinatormedia@eyecos.eu\" \/>\n\t<meta name=\"twitter:label2\" content=\"Est. reading time\" \/>\n\t<meta name=\"twitter:data2\" content=\"1 minute\" \/>\n<script type=\"application\/ld+json\" class=\"yoast-schema-graph\">{\"@context\":\"https:\\\/\\\/schema.org\",\"@graph\":[{\"@type\":\"Article\",\"@id\":\"https:\\\/\\\/eyecos.eu\\\/en\\\/2022\\\/09\\\/20\\\/primer-libro-atlas-sobre-la-iridoplastia-laser\\\/#article\",\"isPartOf\":{\"@id\":\"https:\\\/\\\/eyecos.eu\\\/en\\\/2022\\\/09\\\/20\\\/primer-libro-atlas-sobre-la-iridoplastia-laser\\\/\"},\"author\":{\"name\":\"coordinatormedia@eyecos.eu\",\"@id\":\"https:\\\/\\\/eyecos.eu\\\/#\\\/schema\\\/person\\\/f20173e41b5c919346ab693d757ea605\"},\"headline\":\"Primer libro Atlas sobre la Iridoplastia L\u00e1ser\",\"datePublished\":\"2022-09-20T09:59:28+00:00\",\"mainEntityOfPage\":{\"@id\":\"https:\\\/\\\/eyecos.eu\\\/en\\\/2022\\\/09\\\/20\\\/primer-libro-atlas-sobre-la-iridoplastia-laser\\\/\"},\"wordCount\":167,\"publisher\":{\"@id\":\"https:\\\/\\\/eyecos.eu\\\/#organization\"},\"image\":{\"@id\":\"https:\\\/\\\/eyecos.eu\\\/en\\\/2022\\\/09\\\/20\\\/primer-libro-atlas-sobre-la-iridoplastia-laser\\\/#primaryimage\"},\"thumbnailUrl\":\"https:\\\/\\\/eyecos.eu\\\/wp-content\\\/uploads\\\/2022\\\/09\\\/atlas-eyecos.png\",\"keywords\":[\"L\u00e1ser\",\"Libro\",\"Neweyes\"],\"articleSection\":[\"News\"],\"inLanguage\":\"en-US\"},{\"@type\":\"WebPage\",\"@id\":\"https:\\\/\\\/eyecos.eu\\\/en\\\/2022\\\/09\\\/20\\\/primer-libro-atlas-sobre-la-iridoplastia-laser\\\/\",\"url\":\"https:\\\/\\\/eyecos.eu\\\/en\\\/2022\\\/09\\\/20\\\/primer-libro-atlas-sobre-la-iridoplastia-laser\\\/\",\"name\":\"Primer libro Atlas sobre la Iridoplastia L\u00e1ser - Cl\u00ednica Eyecos - Cambio color de ojos\",\"isPartOf\":{\"@id\":\"https:\\\/\\\/eyecos.eu\\\/#website\"},\"primaryImageOfPage\":{\"@id\":\"https:\\\/\\\/eyecos.eu\\\/en\\\/2022\\\/09\\\/20\\\/primer-libro-atlas-sobre-la-iridoplastia-laser\\\/#primaryimage\"},\"image\":{\"@id\":\"https:\\\/\\\/eyecos.eu\\\/en\\\/2022\\\/09\\\/20\\\/primer-libro-atlas-sobre-la-iridoplastia-laser\\\/#primaryimage\"},\"thumbnailUrl\":\"https:\\\/\\\/eyecos.eu\\\/wp-content\\\/uploads\\\/2022\\\/09\\\/atlas-eyecos.png\",\"datePublished\":\"2022-09-20T09:59:28+00:00\",\"breadcrumb\":{\"@id\":\"https:\\\/\\\/eyecos.eu\\\/en\\\/2022\\\/09\\\/20\\\/primer-libro-atlas-sobre-la-iridoplastia-laser\\\/#breadcrumb\"},\"inLanguage\":\"en-US\",\"potentialAction\":[{\"@type\":\"ReadAction\",\"target\":[\"https:\\\/\\\/eyecos.eu\\\/en\\\/2022\\\/09\\\/20\\\/primer-libro-atlas-sobre-la-iridoplastia-laser\\\/\"]}]},{\"@type\":\"ImageObject\",\"inLanguage\":\"en-US\",\"@id\":\"https:\\\/\\\/eyecos.eu\\\/en\\\/2022\\\/09\\\/20\\\/primer-libro-atlas-sobre-la-iridoplastia-laser\\\/#primaryimage\",\"url\":\"https:\\\/\\\/eyecos.eu\\\/wp-content\\\/uploads\\\/2022\\\/09\\\/atlas-eyecos.png\",\"contentUrl\":\"https:\\\/\\\/eyecos.eu\\\/wp-content\\\/uploads\\\/2022\\\/09\\\/atlas-eyecos.png\",\"width\":1088,\"height\":491},{\"@type\":\"BreadcrumbList\",\"@id\":\"https:\\\/\\\/eyecos.eu\\\/en\\\/2022\\\/09\\\/20\\\/primer-libro-atlas-sobre-la-iridoplastia-laser\\\/#breadcrumb\",\"itemListElement\":[{\"@type\":\"ListItem\",\"position\":1,\"name\":\"Home\",\"item\":\"https:\\\/\\\/eyecos.eu\\\/en\\\/\"},{\"@type\":\"ListItem\",\"position\":2,\"name\":\"Primer libro Atlas sobre la Iridoplastia L\u00e1ser\"}]},{\"@type\":\"WebSite\",\"@id\":\"https:\\\/\\\/eyecos.eu\\\/#website\",\"url\":\"https:\\\/\\\/eyecos.eu\\\/\",\"name\":\"Cl\u00ednica Eyecos - Cambio color de ojos\",\"description\":\"\u00danica clinica que realiza el cambio del color de los ojos con l\u00e1ser con m\u00e1s 1000 pacientes y casi 10 a\u00f1os de experiencia\",\"publisher\":{\"@id\":\"https:\\\/\\\/eyecos.eu\\\/#organization\"},\"potentialAction\":[{\"@type\":\"SearchAction\",\"target\":{\"@type\":\"EntryPoint\",\"urlTemplate\":\"https:\\\/\\\/eyecos.eu\\\/?s={search_term_string}\"},\"query-input\":{\"@type\":\"PropertyValueSpecification\",\"valueRequired\":true,\"valueName\":\"search_term_string\"}}],\"inLanguage\":\"en-US\"},{\"@type\":\"Organization\",\"@id\":\"https:\\\/\\\/eyecos.eu\\\/#organization\",\"name\":\"Cl\u00ednica Eyecos - Cambio color de ojos\",\"url\":\"https:\\\/\\\/eyecos.eu\\\/\",\"logo\":{\"@type\":\"ImageObject\",\"inLanguage\":\"en-US\",\"@id\":\"https:\\\/\\\/eyecos.eu\\\/#\\\/schema\\\/logo\\\/image\\\/\",\"url\":\"https:\\\/\\\/eyecos.eu\\\/wp-content\\\/uploads\\\/2026\\\/03\\\/LOGO-EYECOS.png\",\"contentUrl\":\"https:\\\/\\\/eyecos.eu\\\/wp-content\\\/uploads\\\/2026\\\/03\\\/LOGO-EYECOS.png\",\"width\":480,\"height\":480,\"caption\":\"Cl\u00ednica Eyecos - Cambio color de ojos\"},\"image\":{\"@id\":\"https:\\\/\\\/eyecos.eu\\\/#\\\/schema\\\/logo\\\/image\\\/\"},\"sameAs\":[\"https:\\\/\\\/www.facebook.com\\\/neweyeslaser\",\"https:\\\/\\\/x.com\\\/NewEyesLaser\",\"https:\\\/\\\/www.instagram.com\\\/neweyeslaser\\\/\",\"https:\\\/\\\/www.youtube.com\\\/channel\\\/UCEP1SxNwkXaEJ7b47xm7jSg\",\"https:\\\/\\\/www.tiktok.com\\\/@eyecosclinic\",\"https:\\\/\\\/www.linkedin.com\\\/company\\\/clinica-eyecos\\\/posts\\\/?feedView=all\"],\"description\":\"Eyecos se destaca como la cl\u00ednica pionera a nivel mundial en realizar el cambio de color de los ojos mediante iridoplastia l\u00e1ser y con una tecnolog\u00eda \u00fanica, dise\u00f1ada y patentada por el Doctor Pedro Grimaldos. Lo que nos diferencia de otras cl\u00ednicas de cambio de color de ojos es que empleamos la tecnolog\u00eda m\u00e1s avanzada y segura en el mundo, lo que nos consolida como referentes en el desarrollo e investigaci\u00f3n para el cambio de color de ojos.\",\"email\":\"info@eyecos.eu\",\"telephone\":\"+34 938 10 22 50\",\"legalName\":\"NEWEYES TECH, SL\",\"vatID\":\"B67266148\",\"numberOfEmployees\":{\"@type\":\"QuantitativeValue\",\"minValue\":\"11\",\"maxValue\":\"50\"}},{\"@type\":\"Person\",\"@id\":\"https:\\\/\\\/eyecos.eu\\\/#\\\/schema\\\/person\\\/f20173e41b5c919346ab693d757ea605\",\"name\":\"coordinatormedia@eyecos.eu\",\"image\":{\"@type\":\"ImageObject\",\"inLanguage\":\"en-US\",\"@id\":\"https:\\\/\\\/secure.gravatar.com\\\/avatar\\\/af63533680aa934fdd5471eb5b164d24a28d6ddaec95a130ab82a9c442c8d48d?s=96&d=mm&r=g\",\"url\":\"https:\\\/\\\/secure.gravatar.com\\\/avatar\\\/af63533680aa934fdd5471eb5b164d24a28d6ddaec95a130ab82a9c442c8d48d?s=96&d=mm&r=g\",\"contentUrl\":\"https:\\\/\\\/secure.gravatar.com\\\/avatar\\\/af63533680aa934fdd5471eb5b164d24a28d6ddaec95a130ab82a9c442c8d48d?s=96&d=mm&r=g\",\"caption\":\"coordinatormedia@eyecos.eu\"},\"url\":\"https:\\\/\\\/eyecos.eu\\\/en\\\/author\\\/coordinatormediaeyecos-eu\\\/\"}]}<\/script>\n<!-- \/ Yoast SEO Premium plugin. -->","yoast_head_json":{"title":"Primer libro Atlas sobre la Iridoplastia L\u00e1ser - Cl\u00ednica Eyecos - Cambio color de ojos","robots":{"index":"index","follow":"follow","max-snippet":"max-snippet:-1","max-image-preview":"max-image-preview:large","max-video-preview":"max-video-preview:-1"},"canonical":"https:\/\/eyecos.eu\/en\/2022\/09\/20\/primer-libro-atlas-sobre-la-iridoplastia-laser\/","og_locale":"en_US","og_type":"article","og_title":"Primer libro Atlas sobre la Iridoplastia L\u00e1ser","og_description":"Nos complace anunciar que ya est\u00e1 a la venta El Primer Libro Atlas sobre Iridoplastia L\u00e1ser escrito por el Dr. Grimaldos. Un verdadero placer por el conocimiento de esta moderna y exclusiva t\u00e9cnica. Photoablative iridoplasty. Therapy &amp; Cosmetics El m\u00e1s completo Atlas sobre la Iridoplastia L\u00e1ser a nivel mundial publicado hasta ahora. Con el paso [&hellip;]","og_url":"https:\/\/eyecos.eu\/en\/2022\/09\/20\/primer-libro-atlas-sobre-la-iridoplastia-laser\/","og_site_name":"Cl\u00ednica Eyecos - Cambio color de ojos","article_publisher":"https:\/\/www.facebook.com\/neweyeslaser","article_published_time":"2022-09-20T09:59:28+00:00","og_image":[{"width":1088,"height":491,"url":"https:\/\/eyecos.eu\/wp-content\/uploads\/2022\/09\/atlas-eyecos.png","type":"image\/png"}],"author":"coordinatormedia@eyecos.eu","twitter_card":"summary_large_image","twitter_creator":"@NewEyesLaser","twitter_site":"@NewEyesLaser","twitter_misc":{"Written by":"coordinatormedia@eyecos.eu","Est. reading time":"1 minute"},"schema":{"@context":"https:\/\/schema.org","@graph":[{"@type":"Article","@id":"https:\/\/eyecos.eu\/en\/2022\/09\/20\/primer-libro-atlas-sobre-la-iridoplastia-laser\/#article","isPartOf":{"@id":"https:\/\/eyecos.eu\/en\/2022\/09\/20\/primer-libro-atlas-sobre-la-iridoplastia-laser\/"},"author":{"name":"coordinatormedia@eyecos.eu","@id":"https:\/\/eyecos.eu\/#\/schema\/person\/f20173e41b5c919346ab693d757ea605"},"headline":"Primer libro Atlas sobre la Iridoplastia L\u00e1ser","datePublished":"2022-09-20T09:59:28+00:00","mainEntityOfPage":{"@id":"https:\/\/eyecos.eu\/en\/2022\/09\/20\/primer-libro-atlas-sobre-la-iridoplastia-laser\/"},"wordCount":167,"publisher":{"@id":"https:\/\/eyecos.eu\/#organization"},"image":{"@id":"https:\/\/eyecos.eu\/en\/2022\/09\/20\/primer-libro-atlas-sobre-la-iridoplastia-laser\/#primaryimage"},"thumbnailUrl":"https:\/\/eyecos.eu\/wp-content\/uploads\/2022\/09\/atlas-eyecos.png","keywords":["L\u00e1ser","Libro","Neweyes"],"articleSection":["News"],"inLanguage":"en-US"},{"@type":"WebPage","@id":"https:\/\/eyecos.eu\/en\/2022\/09\/20\/primer-libro-atlas-sobre-la-iridoplastia-laser\/","url":"https:\/\/eyecos.eu\/en\/2022\/09\/20\/primer-libro-atlas-sobre-la-iridoplastia-laser\/","name":"Primer libro Atlas sobre la Iridoplastia L\u00e1ser - Cl\u00ednica Eyecos - Cambio color de ojos","isPartOf":{"@id":"https:\/\/eyecos.eu\/#website"},"primaryImageOfPage":{"@id":"https:\/\/eyecos.eu\/en\/2022\/09\/20\/primer-libro-atlas-sobre-la-iridoplastia-laser\/#primaryimage"},"image":{"@id":"https:\/\/eyecos.eu\/en\/2022\/09\/20\/primer-libro-atlas-sobre-la-iridoplastia-laser\/#primaryimage"},"thumbnailUrl":"https:\/\/eyecos.eu\/wp-content\/uploads\/2022\/09\/atlas-eyecos.png","datePublished":"2022-09-20T09:59:28+00:00","breadcrumb":{"@id":"https:\/\/eyecos.eu\/en\/2022\/09\/20\/primer-libro-atlas-sobre-la-iridoplastia-laser\/#breadcrumb"},"inLanguage":"en-US","potentialAction":[{"@type":"ReadAction","target":["https:\/\/eyecos.eu\/en\/2022\/09\/20\/primer-libro-atlas-sobre-la-iridoplastia-laser\/"]}]},{"@type":"ImageObject","inLanguage":"en-US","@id":"https:\/\/eyecos.eu\/en\/2022\/09\/20\/primer-libro-atlas-sobre-la-iridoplastia-laser\/#primaryimage","url":"https:\/\/eyecos.eu\/wp-content\/uploads\/2022\/09\/atlas-eyecos.png","contentUrl":"https:\/\/eyecos.eu\/wp-content\/uploads\/2022\/09\/atlas-eyecos.png","width":1088,"height":491},{"@type":"BreadcrumbList","@id":"https:\/\/eyecos.eu\/en\/2022\/09\/20\/primer-libro-atlas-sobre-la-iridoplastia-laser\/#breadcrumb","itemListElement":[{"@type":"ListItem","position":1,"name":"Home","item":"https:\/\/eyecos.eu\/en\/"},{"@type":"ListItem","position":2,"name":"Primer libro Atlas sobre la Iridoplastia L\u00e1ser"}]},{"@type":"WebSite","@id":"https:\/\/eyecos.eu\/#website","url":"https:\/\/eyecos.eu\/","name":"Cl\u00ednica Eyecos - Cambio color de ojos","description":"\u00danica clinica que realiza el cambio del color de los ojos con l\u00e1ser con m\u00e1s 1000 pacientes y casi 10 a\u00f1os de experiencia","publisher":{"@id":"https:\/\/eyecos.eu\/#organization"},"potentialAction":[{"@type":"SearchAction","target":{"@type":"EntryPoint","urlTemplate":"https:\/\/eyecos.eu\/?s={search_term_string}"},"query-input":{"@type":"PropertyValueSpecification","valueRequired":true,"valueName":"search_term_string"}}],"inLanguage":"en-US"},{"@type":"Organization","@id":"https:\/\/eyecos.eu\/#organization","name":"Cl\u00ednica Eyecos - Cambio color de ojos","url":"https:\/\/eyecos.eu\/","logo":{"@type":"ImageObject","inLanguage":"en-US","@id":"https:\/\/eyecos.eu\/#\/schema\/logo\/image\/","url":"https:\/\/eyecos.eu\/wp-content\/uploads\/2026\/03\/LOGO-EYECOS.png","contentUrl":"https:\/\/eyecos.eu\/wp-content\/uploads\/2026\/03\/LOGO-EYECOS.png","width":480,"height":480,"caption":"Cl\u00ednica Eyecos - Cambio color de ojos"},"image":{"@id":"https:\/\/eyecos.eu\/#\/schema\/logo\/image\/"},"sameAs":["https:\/\/www.facebook.com\/neweyeslaser","https:\/\/x.com\/NewEyesLaser","https:\/\/www.instagram.com\/neweyeslaser\/","https:\/\/www.youtube.com\/channel\/UCEP1SxNwkXaEJ7b47xm7jSg","https:\/\/www.tiktok.com\/@eyecosclinic","https:\/\/www.linkedin.com\/company\/clinica-eyecos\/posts\/?feedView=all"],"description":"Eyecos se destaca como la cl\u00ednica pionera a nivel mundial en realizar el cambio de color de los ojos mediante iridoplastia l\u00e1ser y con una tecnolog\u00eda \u00fanica, dise\u00f1ada y patentada por el Doctor Pedro Grimaldos. Lo que nos diferencia de otras cl\u00ednicas de cambio de color de ojos es que empleamos la tecnolog\u00eda m\u00e1s avanzada y segura en el mundo, lo que nos consolida como referentes en el desarrollo e investigaci\u00f3n para el cambio de color de ojos.","email":"info@eyecos.eu","telephone":"+34 938 10 22 50","legalName":"NEWEYES TECH, SL","vatID":"B67266148","numberOfEmployees":{"@type":"QuantitativeValue","minValue":"11","maxValue":"50"}},{"@type":"Person","@id":"https:\/\/eyecos.eu\/#\/schema\/person\/f20173e41b5c919346ab693d757ea605","name":"coordinatormedia@eyecos.eu","image":{"@type":"ImageObject","inLanguage":"en-US","@id":"https:\/\/secure.gravatar.com\/avatar\/af63533680aa934fdd5471eb5b164d24a28d6ddaec95a130ab82a9c442c8d48d?s=96&d=mm&r=g","url":"https:\/\/secure.gravatar.com\/avatar\/af63533680aa934fdd5471eb5b164d24a28d6ddaec95a130ab82a9c442c8d48d?s=96&d=mm&r=g","contentUrl":"https:\/\/secure.gravatar.com\/avatar\/af63533680aa934fdd5471eb5b164d24a28d6ddaec95a130ab82a9c442c8d48d?s=96&d=mm&r=g","caption":"coordinatormedia@eyecos.eu"},"url":"https:\/\/eyecos.eu\/en\/author\/coordinatormediaeyecos-eu\/"}]}},"_links":{"self":[{"href":"https:\/\/eyecos.eu\/en\/wp-json\/wp\/v2\/posts\/299929","targetHints":{"allow":["GET"]}}],"collection":[{"href":"https:\/\/eyecos.eu\/en\/wp-json\/wp\/v2\/posts"}],"about":[{"href":"https:\/\/eyecos.eu\/en\/wp-json\/wp\/v2\/types\/post"}],"author":[{"embeddable":true,"href":"https:\/\/eyecos.eu\/en\/wp-json\/wp\/v2\/users\/2"}],"replies":[{"embeddable":true,"href":"https:\/\/eyecos.eu\/en\/wp-json\/wp\/v2\/comments?post=299929"}],"version-history":[{"count":0,"href":"https:\/\/eyecos.eu\/en\/wp-json\/wp\/v2\/posts\/299929\/revisions"}],"wp:featuredmedia":[{"embeddable":true,"href":"https:\/\/eyecos.eu\/en\/wp-json\/wp\/v2\/media\/299930"}],"wp:attachment":[{"href":"https:\/\/eyecos.eu\/en\/wp-json\/wp\/v2\/media?parent=299929"}],"wp:term":[{"taxonomy":"category","embeddable":true,"href":"https:\/\/eyecos.eu\/en\/wp-json\/wp\/v2\/categories?post=299929"},{"taxonomy":"post_tag","embeddable":true,"href":"https:\/\/eyecos.eu\/en\/wp-json\/wp\/v2\/tags?post=299929"}],"curies":[{"name":"wp","href":"https:\/\/api.w.org\/{rel}","templated":true}]}}