{"id":299927,"date":"2023-03-15T10:33:35","date_gmt":"2023-03-15T10:33:35","guid":{"rendered":"https:\/\/eyecos.eu\/2023\/03\/15\/cambio-de-color-de-ojos-despigmentacion-laser-versus-keratopigmentacion\/"},"modified":"2023-03-15T10:33:35","modified_gmt":"2023-03-15T10:33:35","slug":"cambio-de-color-de-ojos-despigmentacion-laser-versus-keratopigmentacion","status":"publish","type":"post","link":"https:\/\/eyecos.eu\/en\/2023\/03\/15\/cambio-de-color-de-ojos-despigmentacion-laser-versus-keratopigmentacion\/","title":{"rendered":"Cambio de color de ojos: Despigmentaci\u00f3n l\u00e1ser versus  Keratopigmentaci\u00f3n"},"content":{"rendered":"\t\t<div data-elementor-type=\"wp-post\" data-elementor-id=\"299927\" class=\"elementor elementor-299927 elementor-251750\" data-elementor-post-type=\"post\">\n\t\t\t\t\t\t<section class=\"elementor-section elementor-top-section elementor-element elementor-element-1366c0a elementor-section-boxed elementor-section-height-default elementor-section-height-default\" data-id=\"1366c0a\" data-element_type=\"section\" data-e-type=\"section\">\n\t\t\t\t\t\t<div class=\"elementor-container elementor-column-gap-default\">\n\t\t\t\t\t<div class=\"elementor-column elementor-col-100 elementor-top-column elementor-element elementor-element-c039a7c\" data-id=\"c039a7c\" data-element_type=\"column\" data-e-type=\"column\">\n\t\t\t<div class=\"elementor-widget-wrap elementor-element-populated\">\n\t\t\t\t\t\t<div class=\"elementor-element elementor-element-11ab6e7d elementor-widget elementor-widget-text-editor\" data-id=\"11ab6e7d\" data-element_type=\"widget\" data-e-type=\"widget\" data-widget_type=\"text-editor.default\">\n\t\t\t\t\t\t\t\t\t<h3><strong><img fetchpriority=\"high\" decoding=\"async\" class=\"wp-image-251866 alignleft\" src=\"https:\/\/www.eyecos.eu\/wp-content\/uploads\/2023\/03\/neweyeslaser-eyecos2-150x150.jpg\" alt=\"\" width=\"450\" height=\"446\" srcset=\"https:\/\/eyecos.eu\/wp-content\/uploads\/2023\/03\/neweyeslaser-eyecos2-150x150.jpg 150w, https:\/\/eyecos.eu\/wp-content\/uploads\/2023\/03\/neweyeslaser-eyecos2-300x298.jpg 300w, https:\/\/eyecos.eu\/wp-content\/uploads\/2023\/03\/neweyeslaser-eyecos2-100x100.jpg 100w, https:\/\/eyecos.eu\/wp-content\/uploads\/2023\/03\/neweyeslaser-eyecos2-600x595.jpg 600w, https:\/\/eyecos.eu\/wp-content\/uploads\/2023\/03\/neweyeslaser-eyecos2-1024x1015.jpg 1024w, https:\/\/eyecos.eu\/wp-content\/uploads\/2023\/03\/neweyeslaser-eyecos2-768x762.jpg 768w, https:\/\/eyecos.eu\/wp-content\/uploads\/2023\/03\/neweyeslaser-eyecos2.jpg 1080w\" sizes=\"(max-width: 450px) 100vw, 450px\" \/>P. Grimaldos<\/strong><br \/><span style=\"color: #808080;\"><strong>Cl\u00ednica Eyecos de Barcelona<\/strong><\/span><\/h3><p><strong>Prop\u00f3sito de la Investigaci\u00f3n: <\/strong><\/p><p>El objetivo del presente estudio es comparar las dos t\u00e9cnicas actuales m\u00e1s populares para cambiar el color de los ojos: la kerato-pigmentaci\u00f3n (KP) o tatuaje corneal y la despigmentaci\u00f3n con l\u00e1ser (DL) del iris. Ambos procedimientos se comenzaron a realizar hace una d\u00e9cada con fines cosm\u00e9ticos, y analizaremos sus pros y contras, a nivel de seguridad, eficacia, predictibilidad y resultado est\u00e9tico.<br \/>Materiales y M\u00e9todos Realizamos una revisi\u00f3n bibliogr\u00e1fica de los escasos art\u00edculos cient\u00edficos sobre las dos t\u00e9cnicas, as\u00ed como una recopilaci\u00f3n de la iconograf\u00eda disponible de los resultados y complicaciones o efectos secundarios. Los par\u00e1metros a comparar son: indicaciones, contraindicaciones, modalidad cl\u00ednica o quir\u00fargica, riesgos del procedimiento, limitaciones funcionales y estructurales, inconvenientes a largo plazo, complicaciones precoces y tard\u00edas, resultados est\u00e9ticos a larga y corta distancia, coste de la t\u00e9cnica y precio para el paciente.<\/p><h3><strong>Resultados: <\/strong><\/h3><p>En cuanto a las indicaciones de patolog\u00eda, la keratopigmentaci\u00f3n est\u00e1 indicada para la reparaci\u00f3n de leucomas corneales o defectos cong\u00e9nitos o traum\u00e1ticos del iris, y la despigmentaci\u00f3n l\u00e1ser para el tratamiento de las heterocrom\u00edas y nevus del iris cong\u00e9nitos, o secundarios a yatrogenia, enfermedades metab\u00f3licas, traumas y cirug\u00edas intraoculares complicadas. Ambas t\u00e9cnicas pueden tener fines puramente cosm\u00e9ticos. La KP est\u00e1 contraindicada en enfermedades corneales y operados de cirug\u00eda refractiva, as\u00ed como patolog\u00eda ocular grave. La despigmentaci\u00f3n l\u00e1ser est\u00e1 contraindicada en antecedentes de glaucoma y uve\u00edtis. La KP es una cirug\u00eda compleja realizada en quir\u00f3fano est\u00e9ril, mientras que la DL es l\u00e1ser realizado en la consulta. La KP presenta riesgos quir\u00fargicos de infecci\u00f3n, cicatrizaci\u00f3n, y descentramiento, mientras que la DL solo presenta una leve reacci\u00f3n inflamatoria y leve elevaci\u00f3n de la presi\u00f3n ocular de corta duraci\u00f3n. La KP opacifica tres cuartas partes de la c\u00f3rnea, lo que limita el campo visual para la marcha y la conducci\u00f3n diurna y sobre todo nocturna, adem\u00e1s est\u00e1 contraindicada en pacientes operados de lasik o c\u00f3rnea. La despigmentaci\u00f3n l\u00e1ser no genera ning\u00fan tipo de limitaci\u00f3n funcional, puesto que los medios permanecen transparentes y la pupila reactiva a la luz. La KP impide la exploraci\u00f3n del \u00e1ngulo camerular, del endotelio corneal, del campo visual, y de la retina. Asimismo, impide la realizaci\u00f3n de operaciones refractivas, de catarata, de c\u00f3rnea, de glaucoma, y de retina. La DL no limita ning\u00fan tipo de exploraci\u00f3n ocular ni la realizaci\u00f3n de intervenciones del ojo. La KP puede ocasionar infecci\u00f3n, astigmatismo irregular, descompensaci\u00f3n endotelial, descentramiento e irregularidad pupilar, e intolerancia y fuga progresiva del colorante. La DL puede producir una leve iritis, con sensibilidad a la luz y elevaci\u00f3n de la presi\u00f3n ocular de forma transitoria. A largo plazo se ha demostrado ya que no existe riesgo de glaucoma ni uve\u00edtis ni sensibilidad a la luz. Los resultados est\u00e9ticos son similares a larga distancia, pero muy diferentes a media y corta. La KP genera siempre un aspecto de ojos muy artificiales, \u201cde robot o mu\u00f1eca\u201d, porque utiliza colorantes qu\u00edmicos y la pupila es irregular, grande y no reacciona a la luz; por el contrario, en el 100% de los casos de DL el aspecto es natural y la pupila es peque\u00f1a, normal y reactiva a la luz. El precio al paciente de la KP ronda los 7.500 euros, mientras que la DL cuesta unos 3.500 euros.<\/p><h3><strong>Conclusiones: <\/strong><\/h3><p>La Keratopigmentaci\u00f3n no debe ser indicada con fines est\u00e9ticos por sus riesgos quir\u00fargicos, limitaciones funciones y estructurales, inconvenientes exploratorios y quir\u00fargicos futuros, nefasto resultado cosm\u00e9tico y elevado precio. La \u00fanica t\u00e9cnica segura, eficaz, predecible y con resultado est\u00e9tico natural es la despigmentaci\u00f3n l\u00e1ser. Desafortunadamente, hemos detectado publicidad enga\u00f1osa y maliciosa sobre la KP a cargo de las cl\u00ednicas que la realizan, respecto a sus riesgos, contraindicaciones, inconvenientes y resultados cosm\u00e9ticos reales, lo que supone mala praxis profesional.<\/p>\t\t\t\t\t\t\t\t<\/div>\n\t\t\t\t\t<\/div>\n\t\t<\/div>\n\t\t\t\t\t<\/div>\n\t\t<\/section>\n\t\t\t\t<section class=\"elementor-section elementor-top-section elementor-element elementor-element-62dacf6 elementor-section-boxed elementor-section-height-default elementor-section-height-default\" data-id=\"62dacf6\" data-element_type=\"section\" data-e-type=\"section\">\n\t\t\t\t\t\t<div class=\"elementor-container elementor-column-gap-default\">\n\t\t\t\t\t<div class=\"elementor-column elementor-col-100 elementor-top-column elementor-element elementor-element-fea9c05\" data-id=\"fea9c05\" data-element_type=\"column\" data-e-type=\"column\" data-settings=\"{&quot;background_background&quot;:&quot;classic&quot;}\">\n\t\t\t<div class=\"elementor-widget-wrap elementor-element-populated\">\n\t\t\t\t\t\t<div class=\"elementor-element elementor-element-d90f5e7 elementor-widget elementor-widget-text-editor\" data-id=\"d90f5e7\" data-element_type=\"widget\" data-e-type=\"widget\" data-widget_type=\"text-editor.default\">\n\t\t\t\t\t\t\t\t\t<p>Resultados de la <strong>T\u00e9cnica segura<\/strong> para el cambio de color de ojos: Despigmentaci\u00f3n L\u00e1ser de <strong>Eyecos<\/strong><\/p>\t\t\t\t\t\t\t\t<\/div>\n\t\t\t\t<div class=\"elementor-element elementor-element-b992d69 elementor-align-center elementor-widget elementor-widget-button\" data-id=\"b992d69\" data-element_type=\"widget\" data-e-type=\"widget\" data-widget_type=\"button.default\">\n\t\t\t\t\t\t\t\t\t\t<a class=\"elementor-button elementor-button-link elementor-size-md\" href=\"https:\/\/www.eyecos.eu\/neweyes-laser-el-verdadero-y-seguro-cambio-de-color-de-ojos\/\">\n\t\t\t\t\t\t<span class=\"elementor-button-content-wrapper\">\n\t\t\t\t\t\t\t\t\t<span class=\"elementor-button-text\">M\u00e1s informaci\u00f3n sobre el Cambio de Color de Ojos<\/span>\n\t\t\t\t\t<\/span>\n\t\t\t\t\t<\/a>\n\t\t\t\t\t\t\t\t<\/div>\n\t\t\t\t<div class=\"elementor-element elementor-element-2a1a5aa elementor-widget elementor-widget-image\" data-id=\"2a1a5aa\" data-element_type=\"widget\" data-e-type=\"widget\" data-widget_type=\"image.default\">\n\t\t\t\t\t\t\t\t\t\t\t\t\t\t\t<img decoding=\"async\" width=\"800\" height=\"515\" src=\"https:\/\/eyecos.eu\/wp-content\/uploads\/2023\/03\/DESPIGMENTACION-LASER-EYECOS-seguro.jpeg\" class=\"attachment-large size-large wp-image-251752\" alt=\"\" srcset=\"https:\/\/eyecos.eu\/wp-content\/uploads\/2023\/03\/DESPIGMENTACION-LASER-EYECOS-seguro.jpeg 873w, https:\/\/eyecos.eu\/wp-content\/uploads\/2023\/03\/DESPIGMENTACION-LASER-EYECOS-seguro-300x193.jpeg 300w, https:\/\/eyecos.eu\/wp-content\/uploads\/2023\/03\/DESPIGMENTACION-LASER-EYECOS-seguro-600x386.jpeg 600w, https:\/\/eyecos.eu\/wp-content\/uploads\/2023\/03\/DESPIGMENTACION-LASER-EYECOS-seguro-768x494.jpeg 768w\" sizes=\"(max-width: 800px) 100vw, 800px\" \/>\t\t\t\t\t\t\t\t\t\t\t\t\t\t\t<\/div>\n\t\t\t\t\t<\/div>\n\t\t<\/div>\n\t\t\t\t\t<\/div>\n\t\t<\/section>\n\t\t\t\t<section class=\"elementor-section elementor-top-section elementor-element elementor-element-45bf444 elementor-section-boxed elementor-section-height-default elementor-section-height-default\" data-id=\"45bf444\" data-element_type=\"section\" data-e-type=\"section\">\n\t\t\t\t\t\t<div class=\"elementor-container elementor-column-gap-default\">\n\t\t\t\t\t<div class=\"elementor-column elementor-col-100 elementor-top-column elementor-element elementor-element-b65f047\" data-id=\"b65f047\" data-element_type=\"column\" data-e-type=\"column\">\n\t\t\t<div class=\"elementor-widget-wrap elementor-element-populated\">\n\t\t\t\t\t\t<div class=\"elementor-element elementor-element-553a730 elementor-widget elementor-widget-text-editor\" data-id=\"553a730\" data-element_type=\"widget\" data-e-type=\"widget\" data-widget_type=\"text-editor.default\">\n\t\t\t\t\t\t\t\t\t<p>Resultados de la <strong>T\u00e9cnica no segura<\/strong> para el cambio de color de ojos: Keratopigmentaci\u00f3n o Tattoo<\/p>\t\t\t\t\t\t\t\t<\/div>\n\t\t\t\t<div class=\"elementor-element elementor-element-f3170a5 elementor-widget elementor-widget-image\" data-id=\"f3170a5\" data-element_type=\"widget\" data-e-type=\"widget\" data-widget_type=\"image.default\">\n\t\t\t\t\t\t\t\t\t\t\t\t\t\t\t<img decoding=\"async\" width=\"640\" height=\"404\" src=\"https:\/\/eyecos.eu\/wp-content\/uploads\/2023\/03\/KERATOPIGMENTACIoN-TATTOO-tecnica-no-segura.jpeg\" class=\"attachment-large size-large wp-image-251758\" alt=\"\" srcset=\"https:\/\/eyecos.eu\/wp-content\/uploads\/2023\/03\/KERATOPIGMENTACIoN-TATTOO-tecnica-no-segura.jpeg 640w, https:\/\/eyecos.eu\/wp-content\/uploads\/2023\/03\/KERATOPIGMENTACIoN-TATTOO-tecnica-no-segura-300x189.jpeg 300w, https:\/\/eyecos.eu\/wp-content\/uploads\/2023\/03\/KERATOPIGMENTACIoN-TATTOO-tecnica-no-segura-600x379.jpeg 600w\" sizes=\"(max-width: 640px) 100vw, 640px\" \/>\t\t\t\t\t\t\t\t\t\t\t\t\t\t\t<\/div>\n\t\t\t\t\t<\/div>\n\t\t<\/div>\n\t\t\t\t\t<\/div>\n\t\t<\/section>\n\t\t\t\t<section class=\"elementor-section elementor-top-section elementor-element elementor-element-b6cbf8e elementor-section-boxed elementor-section-height-default elementor-section-height-default\" data-id=\"b6cbf8e\" data-element_type=\"section\" data-e-type=\"section\">\n\t\t\t\t\t\t<div class=\"elementor-container elementor-column-gap-default\">\n\t\t\t\t\t<div class=\"elementor-column elementor-col-100 elementor-top-column elementor-element elementor-element-5f19d42\" data-id=\"5f19d42\" data-element_type=\"column\" data-e-type=\"column\">\n\t\t\t<div class=\"elementor-widget-wrap elementor-element-populated\">\n\t\t\t\t\t\t<div class=\"elementor-element elementor-element-6aa1f6e elementor-widget-divider--view-line elementor-widget elementor-widget-divider\" data-id=\"6aa1f6e\" data-element_type=\"widget\" data-e-type=\"widget\" data-widget_type=\"divider.default\">\n\t\t\t\t\t\t\t<div class=\"elementor-divider\">\n\t\t\t<span class=\"elementor-divider-separator\">\n\t\t\t\t\t\t<\/span>\n\t\t<\/div>\n\t\t\t\t\t\t<\/div>\n\t\t\t\t\t<\/div>\n\t\t<\/div>\n\t\t\t\t\t<\/div>\n\t\t<\/section>\n\t\t\t\t<section class=\"elementor-section elementor-top-section elementor-element elementor-element-ffa1d8c elementor-section-boxed elementor-section-height-default elementor-section-height-default\" data-id=\"ffa1d8c\" data-element_type=\"section\" data-e-type=\"section\">\n\t\t\t\t\t\t<div class=\"elementor-container elementor-column-gap-default\">\n\t\t\t\t\t<div class=\"elementor-column elementor-col-100 elementor-top-column elementor-element elementor-element-1ad1de1\" data-id=\"1ad1de1\" data-element_type=\"column\" data-e-type=\"column\">\n\t\t\t<div class=\"elementor-widget-wrap elementor-element-populated\">\n\t\t\t\t\t\t<div class=\"elementor-element elementor-element-7701492 elementor-widget elementor-widget-heading\" data-id=\"7701492\" data-element_type=\"widget\" data-e-type=\"widget\" data-widget_type=\"heading.default\">\n\t\t\t\t\t<h2 class=\"elementor-heading-title elementor-size-default\">Notas de prensa<\/h2>\t\t\t\t<\/div>\n\t\t\t\t\t<\/div>\n\t\t<\/div>\n\t\t\t\t\t<\/div>\n\t\t<\/section>\n\t\t\t\t<section class=\"elementor-section elementor-top-section elementor-element elementor-element-0bfa3fc elementor-section-boxed elementor-section-height-default elementor-section-height-default\" data-id=\"0bfa3fc\" data-element_type=\"section\" data-e-type=\"section\">\n\t\t\t\t\t\t<div class=\"elementor-container elementor-column-gap-default\">\n\t\t\t\t\t<div class=\"elementor-column elementor-col-33 elementor-top-column elementor-element elementor-element-5150818\" data-id=\"5150818\" data-element_type=\"column\" data-e-type=\"column\">\n\t\t\t<div class=\"elementor-widget-wrap elementor-element-populated\">\n\t\t\t\t\t\t<div class=\"elementor-element elementor-element-fd65c44 elementor-widget elementor-widget-heading\" data-id=\"fd65c44\" data-element_type=\"widget\" data-e-type=\"widget\" data-widget_type=\"heading.default\">\n\t\t\t\t\t<p class=\"elementor-heading-title elementor-size-default\">Los avances en las operaciones de cambio de color de ojos con l\u00e1ser, con cl\u00ednica eyecos <\/p>\t\t\t\t<\/div>\n\t\t\t\t<div class=\"elementor-element elementor-element-9bad58f elementor-widget elementor-widget-text-editor\" data-id=\"9bad58f\" data-element_type=\"widget\" data-e-type=\"widget\" data-widget_type=\"text-editor.default\">\n\t\t\t\t\t\t\t\t\t<p>Que!<\/p>\t\t\t\t\t\t\t\t<\/div>\n\t\t\t\t<div class=\"elementor-element elementor-element-064382d elementor-widget elementor-widget-text-editor\" data-id=\"064382d\" data-element_type=\"widget\" data-e-type=\"widget\" data-widget_type=\"text-editor.default\">\n\t\t\t\t\t\t\t\t\t<p>https:\/\/www.que.es\/2023\/02\/11\/los-avances-en-las-operaciones-de-cambio-de-color-de-ojos-con-laser-con-clinica-eyecos\/<\/p>\t\t\t\t\t\t\t\t<\/div>\n\t\t\t\t\t<\/div>\n\t\t<\/div>\n\t\t\t\t<div class=\"elementor-column elementor-col-33 elementor-top-column elementor-element elementor-element-afcc4b5\" data-id=\"afcc4b5\" data-element_type=\"column\" data-e-type=\"column\">\n\t\t\t<div class=\"elementor-widget-wrap elementor-element-populated\">\n\t\t\t\t\t\t<div class=\"elementor-element elementor-element-d4973b3 elementor-widget elementor-widget-heading\" data-id=\"d4973b3\" data-element_type=\"widget\" data-e-type=\"widget\" data-widget_type=\"heading.default\">\n\t\t\t\t\t<p class=\"elementor-heading-title elementor-size-default\">Los peligros de la moda viral para cambiar el color de ojos<\/p>\t\t\t\t<\/div>\n\t\t\t\t<div class=\"elementor-element elementor-element-fe879d3 elementor-widget elementor-widget-text-editor\" data-id=\"fe879d3\" data-element_type=\"widget\" data-e-type=\"widget\" data-widget_type=\"text-editor.default\">\n\t\t\t\t\t\t\t\t\t<p>La vanguardia<\/p>\t\t\t\t\t\t\t\t<\/div>\n\t\t\t\t<div class=\"elementor-element elementor-element-e24570a elementor-widget elementor-widget-text-editor\" data-id=\"e24570a\" data-element_type=\"widget\" data-e-type=\"widget\" data-widget_type=\"text-editor.default\">\n\t\t\t\t\t\t\t\t\t<p><a href=\"https:\/\/www.lavanguardia.com\/vida\/20230309\/8811760\/moda-viral-cambiar-color-ojos-desaconsejan-oftalmologos.html\" target=\"_blank\" rel=\"noopener\">https:\/\/www.lavanguardia.com<\/a><\/p>\t\t\t\t\t\t\t\t<\/div>\n\t\t\t\t<div class=\"elementor-element elementor-element-c3be6fb elementor-widget elementor-widget-image\" data-id=\"c3be6fb\" data-element_type=\"widget\" data-e-type=\"widget\" data-widget_type=\"image.default\">\n\t\t\t\t\t\t\t\t\t\t\t\t\t\t\t<img loading=\"lazy\" decoding=\"async\" width=\"800\" height=\"194\" src=\"https:\/\/eyecos.eu\/wp-content\/uploads\/2023\/03\/pedro-grimaldos-vanguardia-1024x248.png\" class=\"attachment-large size-large wp-image-251764\" alt=\"\" srcset=\"https:\/\/eyecos.eu\/wp-content\/uploads\/2023\/03\/pedro-grimaldos-vanguardia-1024x248.png 1024w, https:\/\/eyecos.eu\/wp-content\/uploads\/2023\/03\/pedro-grimaldos-vanguardia-300x73.png 300w, https:\/\/eyecos.eu\/wp-content\/uploads\/2023\/03\/pedro-grimaldos-vanguardia-600x146.png 600w, https:\/\/eyecos.eu\/wp-content\/uploads\/2023\/03\/pedro-grimaldos-vanguardia-768x186.png 768w, https:\/\/eyecos.eu\/wp-content\/uploads\/2023\/03\/pedro-grimaldos-vanguardia.png 1204w\" sizes=\"(max-width: 800px) 100vw, 800px\" \/>\t\t\t\t\t\t\t\t\t\t\t\t\t\t\t<\/div>\n\t\t\t\t\t<\/div>\n\t\t<\/div>\n\t\t\t\t<div class=\"elementor-column elementor-col-33 elementor-top-column elementor-element elementor-element-8e2151a\" data-id=\"8e2151a\" data-element_type=\"column\" data-e-type=\"column\">\n\t\t\t<div class=\"elementor-widget-wrap elementor-element-populated\">\n\t\t\t\t\t\t<div class=\"elementor-element elementor-element-0e6681a elementor-widget elementor-widget-heading\" data-id=\"0e6681a\" data-element_type=\"widget\" data-e-type=\"widget\" data-widget_type=\"heading.default\">\n\t\t\t\t\t<p class=\"elementor-heading-title elementor-size-default\">La moda viral para cambiar el color de ojos que desaconsejan los oftalm\u00f3logos<\/p>\t\t\t\t<\/div>\n\t\t\t\t<div class=\"elementor-element elementor-element-7d7159c elementor-widget elementor-widget-text-editor\" data-id=\"7d7159c\" data-element_type=\"widget\" data-e-type=\"widget\" data-widget_type=\"text-editor.default\">\n\t\t\t\t\t\t\t\t\t<p>La Cope<\/p>\t\t\t\t\t\t\t\t<\/div>\n\t\t\t\t<div class=\"elementor-element elementor-element-b027b9e elementor-widget elementor-widget-text-editor\" data-id=\"b027b9e\" data-element_type=\"widget\" data-e-type=\"widget\" data-widget_type=\"text-editor.default\">\n\t\t\t\t\t\t\t\t\t<p><a href=\"https:\/\/www.cope.es\/actualidad\/sociedad\/noticias\/moda-viral-para-cambiar-color-ojos-que-desaconsejan-los-oftalmologos-20230309_2593461\" target=\"_blank\" rel=\"noopener\">https:\/\/www.cope.es<\/a><\/p>\t\t\t\t\t\t\t\t<\/div>\n\t\t\t\t<div class=\"elementor-element elementor-element-69dcc5a elementor-blockquote--skin-border elementor-widget elementor-widget-blockquote\" data-id=\"69dcc5a\" data-element_type=\"widget\" data-e-type=\"widget\" data-widget_type=\"blockquote.default\">\n\t\t\t\t\t\t\t<blockquote class=\"elementor-blockquote\">\n\t\t\t<p class=\"elementor-blockquote__content\">\n\t\t\t\tLa otra t\u00e9cnica que permite cambiar el color de los ojos es la iridoplastia l\u00e1ser, defendida por el doctor Pedro Grimaldos, que promete un \"cambio de verdad\" del color del iris sin pasar por quir\u00f3fano, solo mediante la decoloraci\u00f3n de este tejido.\t\t\t<\/p>\n\t\t\t\t\t<\/blockquote>\n\t\t\t\t\t\t<\/div>\n\t\t\t\t\t<\/div>\n\t\t<\/div>\n\t\t\t\t\t<\/div>\n\t\t<\/section>\n\t\t\t\t<section class=\"elementor-section elementor-top-section elementor-element elementor-element-dc54503 elementor-section-boxed elementor-section-height-default elementor-section-height-default\" data-id=\"dc54503\" data-element_type=\"section\" data-e-type=\"section\">\n\t\t\t\t\t\t<div class=\"elementor-container elementor-column-gap-default\">\n\t\t\t\t\t<div class=\"elementor-column elementor-col-33 elementor-top-column elementor-element elementor-element-a845440\" data-id=\"a845440\" data-element_type=\"column\" data-e-type=\"column\">\n\t\t\t<div class=\"elementor-widget-wrap elementor-element-populated\">\n\t\t\t\t\t\t<div class=\"elementor-element elementor-element-aca135b elementor-widget elementor-widget-heading\" data-id=\"aca135b\" data-element_type=\"widget\" data-e-type=\"widget\" data-widget_type=\"heading.default\">\n\t\t\t\t\t<p class=\"elementor-heading-title elementor-size-default\">How our eyes can change colour throughout our lives<\/p>\t\t\t\t<\/div>\n\t\t\t\t<div class=\"elementor-element elementor-element-58d404b elementor-widget elementor-widget-text-editor\" data-id=\"58d404b\" data-element_type=\"widget\" data-e-type=\"widget\" data-widget_type=\"text-editor.default\">\n\t\t\t\t\t\t\t\t\t<p>bbc.com<\/p>\t\t\t\t\t\t\t\t<\/div>\n\t\t\t\t<div class=\"elementor-element elementor-element-e42eee2 elementor-widget elementor-widget-text-editor\" data-id=\"e42eee2\" data-element_type=\"widget\" data-e-type=\"widget\" data-widget_type=\"text-editor.default\">\n\t\t\t\t\t\t\t\t\t<p>https:\/\/www.bbc.com\/future\/article\/20220929-how-our-eyes-change-colour-throughout-our-lives<\/p>\t\t\t\t\t\t\t\t<\/div>\n\t\t\t\t\t<\/div>\n\t\t<\/div>\n\t\t\t\t<div class=\"elementor-column elementor-col-33 elementor-top-column elementor-element elementor-element-89204c6\" data-id=\"89204c6\" data-element_type=\"column\" data-e-type=\"column\">\n\t\t\t<div class=\"elementor-widget-wrap elementor-element-populated\">\n\t\t\t\t\t\t<div class=\"elementor-element elementor-element-c5a43b5 elementor-widget elementor-widget-heading\" data-id=\"c5a43b5\" data-element_type=\"widget\" data-e-type=\"widget\" data-widget_type=\"heading.default\">\n\t\t\t\t\t<p class=\"elementor-heading-title elementor-size-default\">Cl\u00ednica Eyecos informa de que los productos crece pesta\u00f1as pueden oscurecer los ojos<\/p>\t\t\t\t<\/div>\n\t\t\t\t<div class=\"elementor-element elementor-element-ed52134 elementor-widget elementor-widget-text-editor\" data-id=\"ed52134\" data-element_type=\"widget\" data-e-type=\"widget\" data-widget_type=\"text-editor.default\">\n\t\t\t\t\t\t\t\t\t<p>Que.es<\/p>\t\t\t\t\t\t\t\t<\/div>\n\t\t\t\t<div class=\"elementor-element elementor-element-b957872 elementor-widget elementor-widget-text-editor\" data-id=\"b957872\" data-element_type=\"widget\" data-e-type=\"widget\" data-widget_type=\"text-editor.default\">\n\t\t\t\t\t\t\t\t\t<p><a href=\"_wp_link_placeholder\" data-wplink-edit=\"true\">https:\/\/www.que.es\/2023\/05\/02\/clinica-eyecos-informa-de-que-los-productos-crece-pestanas-pueden-oscurecer-los-ojos\/<\/a><\/p>\t\t\t\t\t\t\t\t<\/div>\n\t\t\t\t\t<\/div>\n\t\t<\/div>\n\t\t\t\t<div class=\"elementor-column elementor-col-33 elementor-top-column elementor-element elementor-element-b1b3927\" data-id=\"b1b3927\" data-element_type=\"column\" data-e-type=\"column\">\n\t\t\t<div class=\"elementor-widget-wrap elementor-element-populated\">\n\t\t\t\t\t\t<div class=\"elementor-element elementor-element-628293c elementor-widget elementor-widget-heading\" data-id=\"628293c\" data-element_type=\"widget\" data-e-type=\"widget\" data-widget_type=\"heading.default\">\n\t\t\t\t\t<p class=\"elementor-heading-title elementor-size-default\">Cl\u00ednica Eyecos afirma que los heterocrom\u00edas y los nevus del iris pueden ser tratados con l\u00e1ser<\/p>\t\t\t\t<\/div>\n\t\t\t\t<div class=\"elementor-element elementor-element-59a2671 elementor-widget elementor-widget-text-editor\" data-id=\"59a2671\" data-element_type=\"widget\" data-e-type=\"widget\" data-widget_type=\"text-editor.default\">\n\t\t\t\t\t\t\t\t\t<p>gdweb<\/p>\t\t\t\t\t\t\t\t<\/div>\n\t\t\t\t<div class=\"elementor-element elementor-element-1f951a4 elementor-widget elementor-widget-text-editor\" data-id=\"1f951a4\" data-element_type=\"widget\" data-e-type=\"widget\" data-widget_type=\"text-editor.default\">\n\t\t\t\t\t\t\t\t\t<p><a href=\"_wp_link_placeholder\" data-wplink-edit=\"true\">https:\/\/www.gdweb.es\/sociedad\/clinica-eyecos-afirma-que-los-heterocromias-y-los-nevus-del-iris-pueden-ser-tratados-con-laser\/<\/a><\/p>\t\t\t\t\t\t\t\t<\/div>\n\t\t\t\t\t<\/div>\n\t\t<\/div>\n\t\t\t\t\t<\/div>\n\t\t<\/section>\n\t\t\t\t<section class=\"elementor-section elementor-top-section elementor-element elementor-element-5e7f632 elementor-section-boxed elementor-section-height-default elementor-section-height-default\" data-id=\"5e7f632\" data-element_type=\"section\" data-e-type=\"section\">\n\t\t\t\t\t\t<div class=\"elementor-container elementor-column-gap-default\">\n\t\t\t\t\t<div class=\"elementor-column elementor-col-33 elementor-top-column elementor-element elementor-element-c55c48b\" data-id=\"c55c48b\" data-element_type=\"column\" data-e-type=\"column\">\n\t\t\t<div class=\"elementor-widget-wrap elementor-element-populated\">\n\t\t\t\t\t\t<div class=\"elementor-element elementor-element-8822c02 elementor-widget elementor-widget-heading\" data-id=\"8822c02\" data-element_type=\"widget\" data-e-type=\"widget\" data-widget_type=\"heading.default\">\n\t\t\t\t\t<p class=\"elementor-heading-title elementor-size-default\">Cl\u00ednica Eyecos afirma que los heterocrom\u00edas y los nevus del iris pueden ser tratados con l\u00e1ser<\/p>\t\t\t\t<\/div>\n\t\t\t\t<div class=\"elementor-element elementor-element-8c473f8 elementor-widget elementor-widget-text-editor\" data-id=\"8c473f8\" data-element_type=\"widget\" data-e-type=\"widget\" data-widget_type=\"text-editor.default\">\n\t\t\t\t\t\t\t\t\t<p>Que.es<\/p>\t\t\t\t\t\t\t\t<\/div>\n\t\t\t\t<div class=\"elementor-element elementor-element-5d2b40b elementor-widget elementor-widget-text-editor\" data-id=\"5d2b40b\" data-element_type=\"widget\" data-e-type=\"widget\" data-widget_type=\"text-editor.default\">\n\t\t\t\t\t\t\t\t\t<p><a href=\"https:\/\/www.que.es\/2023\/05\/05\/clinica-eyecos-afirma-que-los-heterocromias-y-los-nevus-del-iris-pueden-ser-tratados-con-laser\/\">https:\/\/www.que.es\/2023\/05\/05\/clinica-eyecos-afirma-que-los-heterocromias-y-los-nevus-del-iris-pueden-ser-tratados-con-laser\/<\/a><\/p>\t\t\t\t\t\t\t\t<\/div>\n\t\t\t\t\t<\/div>\n\t\t<\/div>\n\t\t\t\t<div class=\"elementor-column elementor-col-33 elementor-top-column elementor-element elementor-element-61ddf76\" data-id=\"61ddf76\" data-element_type=\"column\" data-e-type=\"column\">\n\t\t\t<div class=\"elementor-widget-wrap\">\n\t\t\t\t\t\t\t<\/div>\n\t\t<\/div>\n\t\t\t\t<div class=\"elementor-column elementor-col-33 elementor-top-column elementor-element elementor-element-a9017c0\" data-id=\"a9017c0\" data-element_type=\"column\" data-e-type=\"column\">\n\t\t\t<div class=\"elementor-widget-wrap\">\n\t\t\t\t\t\t\t<\/div>\n\t\t<\/div>\n\t\t\t\t\t<\/div>\n\t\t<\/section>\n\t\t\t\t<\/div>\n\t\t","protected":false},"excerpt":{"rendered":"<p>P. Grimaldos Cl\u00ednica Eyecos de Barcelona Prop\u00f3sito de la Investigaci\u00f3n: El objetivo del presente estudio es comparar las dos t\u00e9cnicas actuales m\u00e1s populares para cambiar el color de los ojos: la kerato-pigmentaci\u00f3n (KP) o tatuaje corneal y la despigmentaci\u00f3n con l\u00e1ser (DL) del iris. Ambos procedimientos se comenzaron a realizar hace una d\u00e9cada con fines [&hellip;]<\/p>\n","protected":false},"author":2,"featured_media":299928,"comment_status":"closed","ping_status":"closed","sticky":false,"template":"","format":"standard","meta":{"footnotes":""},"categories":[122],"tags":[131,132,127],"class_list":["post-299927","post","type-post","status-publish","format-standard","has-post-thumbnail","hentry","category-news","tag-laser","tag-resultados","tag-seguridad"],"yoast_head":"<!-- This site is optimized with the Yoast SEO Premium plugin v27.4 (Yoast SEO v27.4) - https:\/\/yoast.com\/product\/yoast-seo-premium-wordpress\/ -->\n<title>Cambio de color de ojos: Despigmentaci\u00f3n l\u00e1ser versus Keratopigmentaci\u00f3n - Cl\u00ednica Eyecos - Cambio color de ojos<\/title>\n<meta name=\"robots\" content=\"index, follow, max-snippet:-1, max-image-preview:large, max-video-preview:-1\" \/>\n<link rel=\"canonical\" href=\"https:\/\/eyecos.eu\/en\/2023\/03\/15\/cambio-de-color-de-ojos-despigmentacion-laser-versus-keratopigmentacion\/\" \/>\n<meta property=\"og:locale\" content=\"en_US\" \/>\n<meta property=\"og:type\" content=\"article\" \/>\n<meta property=\"og:title\" content=\"Cambio de color de ojos: Despigmentaci\u00f3n l\u00e1ser versus Keratopigmentaci\u00f3n\" \/>\n<meta property=\"og:description\" content=\"P. Grimaldos Cl\u00ednica Eyecos de Barcelona Prop\u00f3sito de la Investigaci\u00f3n: El objetivo del presente estudio es comparar las dos t\u00e9cnicas actuales m\u00e1s populares para cambiar el color de los ojos: la kerato-pigmentaci\u00f3n (KP) o tatuaje corneal y la despigmentaci\u00f3n con l\u00e1ser (DL) del iris. Ambos procedimientos se comenzaron a realizar hace una d\u00e9cada con fines [&hellip;]\" \/>\n<meta property=\"og:url\" content=\"https:\/\/eyecos.eu\/en\/2023\/03\/15\/cambio-de-color-de-ojos-despigmentacion-laser-versus-keratopigmentacion\/\" \/>\n<meta property=\"og:site_name\" content=\"Cl\u00ednica Eyecos - Cambio color de ojos\" \/>\n<meta property=\"article:publisher\" content=\"https:\/\/www.facebook.com\/neweyeslaser\" \/>\n<meta property=\"article:published_time\" content=\"2023-03-15T10:33:35+00:00\" \/>\n<meta property=\"og:image\" content=\"https:\/\/www.eyecos.eu\/wp-content\/uploads\/2023\/03\/neweyeslaser-eyecos2-150x150.jpg\" \/>\n<meta name=\"author\" content=\"coordinatormedia@eyecos.eu\" \/>\n<meta name=\"twitter:card\" content=\"summary_large_image\" \/>\n<meta name=\"twitter:creator\" content=\"@NewEyesLaser\" \/>\n<meta name=\"twitter:site\" content=\"@NewEyesLaser\" \/>\n<meta name=\"twitter:label1\" content=\"Written by\" \/>\n\t<meta name=\"twitter:data1\" content=\"coordinatormedia@eyecos.eu\" \/>\n\t<meta name=\"twitter:label2\" content=\"Est. reading time\" \/>\n\t<meta name=\"twitter:data2\" content=\"5 minutes\" \/>\n<script type=\"application\/ld+json\" class=\"yoast-schema-graph\">{\"@context\":\"https:\\\/\\\/schema.org\",\"@graph\":[{\"@type\":\"Article\",\"@id\":\"https:\\\/\\\/eyecos.eu\\\/en\\\/2023\\\/03\\\/15\\\/cambio-de-color-de-ojos-despigmentacion-laser-versus-keratopigmentacion\\\/#article\",\"isPartOf\":{\"@id\":\"https:\\\/\\\/eyecos.eu\\\/en\\\/2023\\\/03\\\/15\\\/cambio-de-color-de-ojos-despigmentacion-laser-versus-keratopigmentacion\\\/\"},\"author\":{\"name\":\"coordinatormedia@eyecos.eu\",\"@id\":\"https:\\\/\\\/eyecos.eu\\\/#\\\/schema\\\/person\\\/f20173e41b5c919346ab693d757ea605\"},\"headline\":\"Cambio de color de ojos: Despigmentaci\u00f3n l\u00e1ser versus Keratopigmentaci\u00f3n\",\"datePublished\":\"2023-03-15T10:33:35+00:00\",\"mainEntityOfPage\":{\"@id\":\"https:\\\/\\\/eyecos.eu\\\/en\\\/2023\\\/03\\\/15\\\/cambio-de-color-de-ojos-despigmentacion-laser-versus-keratopigmentacion\\\/\"},\"wordCount\":968,\"publisher\":{\"@id\":\"https:\\\/\\\/eyecos.eu\\\/#organization\"},\"image\":{\"@id\":\"https:\\\/\\\/eyecos.eu\\\/en\\\/2023\\\/03\\\/15\\\/cambio-de-color-de-ojos-despigmentacion-laser-versus-keratopigmentacion\\\/#primaryimage\"},\"thumbnailUrl\":\"https:\\\/\\\/eyecos.eu\\\/wp-content\\\/uploads\\\/2023\\\/03\\\/eficacia-de-la-despigmentacion-laser-EYECOS.jpg\",\"keywords\":[\"L\u00e1ser\",\"Resultados\",\"Seguridad\"],\"articleSection\":[\"News\"],\"inLanguage\":\"en-US\"},{\"@type\":\"WebPage\",\"@id\":\"https:\\\/\\\/eyecos.eu\\\/en\\\/2023\\\/03\\\/15\\\/cambio-de-color-de-ojos-despigmentacion-laser-versus-keratopigmentacion\\\/\",\"url\":\"https:\\\/\\\/eyecos.eu\\\/en\\\/2023\\\/03\\\/15\\\/cambio-de-color-de-ojos-despigmentacion-laser-versus-keratopigmentacion\\\/\",\"name\":\"Cambio de color de ojos: Despigmentaci\u00f3n l\u00e1ser versus Keratopigmentaci\u00f3n - Cl\u00ednica Eyecos - Cambio color de ojos\",\"isPartOf\":{\"@id\":\"https:\\\/\\\/eyecos.eu\\\/#website\"},\"primaryImageOfPage\":{\"@id\":\"https:\\\/\\\/eyecos.eu\\\/en\\\/2023\\\/03\\\/15\\\/cambio-de-color-de-ojos-despigmentacion-laser-versus-keratopigmentacion\\\/#primaryimage\"},\"image\":{\"@id\":\"https:\\\/\\\/eyecos.eu\\\/en\\\/2023\\\/03\\\/15\\\/cambio-de-color-de-ojos-despigmentacion-laser-versus-keratopigmentacion\\\/#primaryimage\"},\"thumbnailUrl\":\"https:\\\/\\\/eyecos.eu\\\/wp-content\\\/uploads\\\/2023\\\/03\\\/eficacia-de-la-despigmentacion-laser-EYECOS.jpg\",\"datePublished\":\"2023-03-15T10:33:35+00:00\",\"breadcrumb\":{\"@id\":\"https:\\\/\\\/eyecos.eu\\\/en\\\/2023\\\/03\\\/15\\\/cambio-de-color-de-ojos-despigmentacion-laser-versus-keratopigmentacion\\\/#breadcrumb\"},\"inLanguage\":\"en-US\",\"potentialAction\":[{\"@type\":\"ReadAction\",\"target\":[\"https:\\\/\\\/eyecos.eu\\\/en\\\/2023\\\/03\\\/15\\\/cambio-de-color-de-ojos-despigmentacion-laser-versus-keratopigmentacion\\\/\"]}]},{\"@type\":\"ImageObject\",\"inLanguage\":\"en-US\",\"@id\":\"https:\\\/\\\/eyecos.eu\\\/en\\\/2023\\\/03\\\/15\\\/cambio-de-color-de-ojos-despigmentacion-laser-versus-keratopigmentacion\\\/#primaryimage\",\"url\":\"https:\\\/\\\/eyecos.eu\\\/wp-content\\\/uploads\\\/2023\\\/03\\\/eficacia-de-la-despigmentacion-laser-EYECOS.jpg\",\"contentUrl\":\"https:\\\/\\\/eyecos.eu\\\/wp-content\\\/uploads\\\/2023\\\/03\\\/eficacia-de-la-despigmentacion-laser-EYECOS.jpg\",\"width\":509,\"height\":498},{\"@type\":\"BreadcrumbList\",\"@id\":\"https:\\\/\\\/eyecos.eu\\\/en\\\/2023\\\/03\\\/15\\\/cambio-de-color-de-ojos-despigmentacion-laser-versus-keratopigmentacion\\\/#breadcrumb\",\"itemListElement\":[{\"@type\":\"ListItem\",\"position\":1,\"name\":\"Home\",\"item\":\"https:\\\/\\\/eyecos.eu\\\/en\\\/\"},{\"@type\":\"ListItem\",\"position\":2,\"name\":\"Cambio de color de ojos: Despigmentaci\u00f3n l\u00e1ser versus Keratopigmentaci\u00f3n\"}]},{\"@type\":\"WebSite\",\"@id\":\"https:\\\/\\\/eyecos.eu\\\/#website\",\"url\":\"https:\\\/\\\/eyecos.eu\\\/\",\"name\":\"Cl\u00ednica Eyecos - Cambio color de ojos\",\"description\":\"\u00danica clinica que realiza el cambio del color de los ojos con l\u00e1ser con m\u00e1s 1000 pacientes y casi 10 a\u00f1os de experiencia\",\"publisher\":{\"@id\":\"https:\\\/\\\/eyecos.eu\\\/#organization\"},\"potentialAction\":[{\"@type\":\"SearchAction\",\"target\":{\"@type\":\"EntryPoint\",\"urlTemplate\":\"https:\\\/\\\/eyecos.eu\\\/?s={search_term_string}\"},\"query-input\":{\"@type\":\"PropertyValueSpecification\",\"valueRequired\":true,\"valueName\":\"search_term_string\"}}],\"inLanguage\":\"en-US\"},{\"@type\":\"Organization\",\"@id\":\"https:\\\/\\\/eyecos.eu\\\/#organization\",\"name\":\"Cl\u00ednica Eyecos - Cambio color de ojos\",\"url\":\"https:\\\/\\\/eyecos.eu\\\/\",\"logo\":{\"@type\":\"ImageObject\",\"inLanguage\":\"en-US\",\"@id\":\"https:\\\/\\\/eyecos.eu\\\/#\\\/schema\\\/logo\\\/image\\\/\",\"url\":\"https:\\\/\\\/eyecos.eu\\\/wp-content\\\/uploads\\\/2026\\\/03\\\/LOGO-EYECOS.png\",\"contentUrl\":\"https:\\\/\\\/eyecos.eu\\\/wp-content\\\/uploads\\\/2026\\\/03\\\/LOGO-EYECOS.png\",\"width\":480,\"height\":480,\"caption\":\"Cl\u00ednica Eyecos - Cambio color de ojos\"},\"image\":{\"@id\":\"https:\\\/\\\/eyecos.eu\\\/#\\\/schema\\\/logo\\\/image\\\/\"},\"sameAs\":[\"https:\\\/\\\/www.facebook.com\\\/neweyeslaser\",\"https:\\\/\\\/x.com\\\/NewEyesLaser\",\"https:\\\/\\\/www.instagram.com\\\/neweyeslaser\\\/\",\"https:\\\/\\\/www.youtube.com\\\/channel\\\/UCEP1SxNwkXaEJ7b47xm7jSg\",\"https:\\\/\\\/www.tiktok.com\\\/@eyecosclinic\",\"https:\\\/\\\/www.linkedin.com\\\/company\\\/clinica-eyecos\\\/posts\\\/?feedView=all\"],\"description\":\"Eyecos se destaca como la cl\u00ednica pionera a nivel mundial en realizar el cambio de color de los ojos mediante iridoplastia l\u00e1ser y con una tecnolog\u00eda \u00fanica, dise\u00f1ada y patentada por el Doctor Pedro Grimaldos. Lo que nos diferencia de otras cl\u00ednicas de cambio de color de ojos es que empleamos la tecnolog\u00eda m\u00e1s avanzada y segura en el mundo, lo que nos consolida como referentes en el desarrollo e investigaci\u00f3n para el cambio de color de ojos.\",\"email\":\"info@eyecos.eu\",\"telephone\":\"+34 938 10 22 50\",\"legalName\":\"NEWEYES TECH, SL\",\"vatID\":\"B67266148\",\"numberOfEmployees\":{\"@type\":\"QuantitativeValue\",\"minValue\":\"11\",\"maxValue\":\"50\"}},{\"@type\":\"Person\",\"@id\":\"https:\\\/\\\/eyecos.eu\\\/#\\\/schema\\\/person\\\/f20173e41b5c919346ab693d757ea605\",\"name\":\"coordinatormedia@eyecos.eu\",\"image\":{\"@type\":\"ImageObject\",\"inLanguage\":\"en-US\",\"@id\":\"https:\\\/\\\/secure.gravatar.com\\\/avatar\\\/af63533680aa934fdd5471eb5b164d24a28d6ddaec95a130ab82a9c442c8d48d?s=96&d=mm&r=g\",\"url\":\"https:\\\/\\\/secure.gravatar.com\\\/avatar\\\/af63533680aa934fdd5471eb5b164d24a28d6ddaec95a130ab82a9c442c8d48d?s=96&d=mm&r=g\",\"contentUrl\":\"https:\\\/\\\/secure.gravatar.com\\\/avatar\\\/af63533680aa934fdd5471eb5b164d24a28d6ddaec95a130ab82a9c442c8d48d?s=96&d=mm&r=g\",\"caption\":\"coordinatormedia@eyecos.eu\"},\"url\":\"https:\\\/\\\/eyecos.eu\\\/en\\\/author\\\/coordinatormediaeyecos-eu\\\/\"}]}<\/script>\n<!-- \/ Yoast SEO Premium plugin. -->","yoast_head_json":{"title":"Cambio de color de ojos: Despigmentaci\u00f3n l\u00e1ser versus Keratopigmentaci\u00f3n - Cl\u00ednica Eyecos - Cambio color de ojos","robots":{"index":"index","follow":"follow","max-snippet":"max-snippet:-1","max-image-preview":"max-image-preview:large","max-video-preview":"max-video-preview:-1"},"canonical":"https:\/\/eyecos.eu\/en\/2023\/03\/15\/cambio-de-color-de-ojos-despigmentacion-laser-versus-keratopigmentacion\/","og_locale":"en_US","og_type":"article","og_title":"Cambio de color de ojos: Despigmentaci\u00f3n l\u00e1ser versus Keratopigmentaci\u00f3n","og_description":"P. Grimaldos Cl\u00ednica Eyecos de Barcelona Prop\u00f3sito de la Investigaci\u00f3n: El objetivo del presente estudio es comparar las dos t\u00e9cnicas actuales m\u00e1s populares para cambiar el color de los ojos: la kerato-pigmentaci\u00f3n (KP) o tatuaje corneal y la despigmentaci\u00f3n con l\u00e1ser (DL) del iris. Ambos procedimientos se comenzaron a realizar hace una d\u00e9cada con fines [&hellip;]","og_url":"https:\/\/eyecos.eu\/en\/2023\/03\/15\/cambio-de-color-de-ojos-despigmentacion-laser-versus-keratopigmentacion\/","og_site_name":"Cl\u00ednica Eyecos - Cambio color de ojos","article_publisher":"https:\/\/www.facebook.com\/neweyeslaser","article_published_time":"2023-03-15T10:33:35+00:00","og_image":[{"url":"https:\/\/www.eyecos.eu\/wp-content\/uploads\/2023\/03\/neweyeslaser-eyecos2-150x150.jpg","type":"","width":"","height":""}],"author":"coordinatormedia@eyecos.eu","twitter_card":"summary_large_image","twitter_creator":"@NewEyesLaser","twitter_site":"@NewEyesLaser","twitter_misc":{"Written by":"coordinatormedia@eyecos.eu","Est. reading time":"5 minutes"},"schema":{"@context":"https:\/\/schema.org","@graph":[{"@type":"Article","@id":"https:\/\/eyecos.eu\/en\/2023\/03\/15\/cambio-de-color-de-ojos-despigmentacion-laser-versus-keratopigmentacion\/#article","isPartOf":{"@id":"https:\/\/eyecos.eu\/en\/2023\/03\/15\/cambio-de-color-de-ojos-despigmentacion-laser-versus-keratopigmentacion\/"},"author":{"name":"coordinatormedia@eyecos.eu","@id":"https:\/\/eyecos.eu\/#\/schema\/person\/f20173e41b5c919346ab693d757ea605"},"headline":"Cambio de color de ojos: Despigmentaci\u00f3n l\u00e1ser versus Keratopigmentaci\u00f3n","datePublished":"2023-03-15T10:33:35+00:00","mainEntityOfPage":{"@id":"https:\/\/eyecos.eu\/en\/2023\/03\/15\/cambio-de-color-de-ojos-despigmentacion-laser-versus-keratopigmentacion\/"},"wordCount":968,"publisher":{"@id":"https:\/\/eyecos.eu\/#organization"},"image":{"@id":"https:\/\/eyecos.eu\/en\/2023\/03\/15\/cambio-de-color-de-ojos-despigmentacion-laser-versus-keratopigmentacion\/#primaryimage"},"thumbnailUrl":"https:\/\/eyecos.eu\/wp-content\/uploads\/2023\/03\/eficacia-de-la-despigmentacion-laser-EYECOS.jpg","keywords":["L\u00e1ser","Resultados","Seguridad"],"articleSection":["News"],"inLanguage":"en-US"},{"@type":"WebPage","@id":"https:\/\/eyecos.eu\/en\/2023\/03\/15\/cambio-de-color-de-ojos-despigmentacion-laser-versus-keratopigmentacion\/","url":"https:\/\/eyecos.eu\/en\/2023\/03\/15\/cambio-de-color-de-ojos-despigmentacion-laser-versus-keratopigmentacion\/","name":"Cambio de color de ojos: Despigmentaci\u00f3n l\u00e1ser versus Keratopigmentaci\u00f3n - Cl\u00ednica Eyecos - Cambio color de ojos","isPartOf":{"@id":"https:\/\/eyecos.eu\/#website"},"primaryImageOfPage":{"@id":"https:\/\/eyecos.eu\/en\/2023\/03\/15\/cambio-de-color-de-ojos-despigmentacion-laser-versus-keratopigmentacion\/#primaryimage"},"image":{"@id":"https:\/\/eyecos.eu\/en\/2023\/03\/15\/cambio-de-color-de-ojos-despigmentacion-laser-versus-keratopigmentacion\/#primaryimage"},"thumbnailUrl":"https:\/\/eyecos.eu\/wp-content\/uploads\/2023\/03\/eficacia-de-la-despigmentacion-laser-EYECOS.jpg","datePublished":"2023-03-15T10:33:35+00:00","breadcrumb":{"@id":"https:\/\/eyecos.eu\/en\/2023\/03\/15\/cambio-de-color-de-ojos-despigmentacion-laser-versus-keratopigmentacion\/#breadcrumb"},"inLanguage":"en-US","potentialAction":[{"@type":"ReadAction","target":["https:\/\/eyecos.eu\/en\/2023\/03\/15\/cambio-de-color-de-ojos-despigmentacion-laser-versus-keratopigmentacion\/"]}]},{"@type":"ImageObject","inLanguage":"en-US","@id":"https:\/\/eyecos.eu\/en\/2023\/03\/15\/cambio-de-color-de-ojos-despigmentacion-laser-versus-keratopigmentacion\/#primaryimage","url":"https:\/\/eyecos.eu\/wp-content\/uploads\/2023\/03\/eficacia-de-la-despigmentacion-laser-EYECOS.jpg","contentUrl":"https:\/\/eyecos.eu\/wp-content\/uploads\/2023\/03\/eficacia-de-la-despigmentacion-laser-EYECOS.jpg","width":509,"height":498},{"@type":"BreadcrumbList","@id":"https:\/\/eyecos.eu\/en\/2023\/03\/15\/cambio-de-color-de-ojos-despigmentacion-laser-versus-keratopigmentacion\/#breadcrumb","itemListElement":[{"@type":"ListItem","position":1,"name":"Home","item":"https:\/\/eyecos.eu\/en\/"},{"@type":"ListItem","position":2,"name":"Cambio de color de ojos: Despigmentaci\u00f3n l\u00e1ser versus Keratopigmentaci\u00f3n"}]},{"@type":"WebSite","@id":"https:\/\/eyecos.eu\/#website","url":"https:\/\/eyecos.eu\/","name":"Cl\u00ednica Eyecos - Cambio color de ojos","description":"\u00danica clinica que realiza el cambio del color de los ojos con l\u00e1ser con m\u00e1s 1000 pacientes y casi 10 a\u00f1os de experiencia","publisher":{"@id":"https:\/\/eyecos.eu\/#organization"},"potentialAction":[{"@type":"SearchAction","target":{"@type":"EntryPoint","urlTemplate":"https:\/\/eyecos.eu\/?s={search_term_string}"},"query-input":{"@type":"PropertyValueSpecification","valueRequired":true,"valueName":"search_term_string"}}],"inLanguage":"en-US"},{"@type":"Organization","@id":"https:\/\/eyecos.eu\/#organization","name":"Cl\u00ednica Eyecos - Cambio color de ojos","url":"https:\/\/eyecos.eu\/","logo":{"@type":"ImageObject","inLanguage":"en-US","@id":"https:\/\/eyecos.eu\/#\/schema\/logo\/image\/","url":"https:\/\/eyecos.eu\/wp-content\/uploads\/2026\/03\/LOGO-EYECOS.png","contentUrl":"https:\/\/eyecos.eu\/wp-content\/uploads\/2026\/03\/LOGO-EYECOS.png","width":480,"height":480,"caption":"Cl\u00ednica Eyecos - Cambio color de ojos"},"image":{"@id":"https:\/\/eyecos.eu\/#\/schema\/logo\/image\/"},"sameAs":["https:\/\/www.facebook.com\/neweyeslaser","https:\/\/x.com\/NewEyesLaser","https:\/\/www.instagram.com\/neweyeslaser\/","https:\/\/www.youtube.com\/channel\/UCEP1SxNwkXaEJ7b47xm7jSg","https:\/\/www.tiktok.com\/@eyecosclinic","https:\/\/www.linkedin.com\/company\/clinica-eyecos\/posts\/?feedView=all"],"description":"Eyecos se destaca como la cl\u00ednica pionera a nivel mundial en realizar el cambio de color de los ojos mediante iridoplastia l\u00e1ser y con una tecnolog\u00eda \u00fanica, dise\u00f1ada y patentada por el Doctor Pedro Grimaldos. Lo que nos diferencia de otras cl\u00ednicas de cambio de color de ojos es que empleamos la tecnolog\u00eda m\u00e1s avanzada y segura en el mundo, lo que nos consolida como referentes en el desarrollo e investigaci\u00f3n para el cambio de color de ojos.","email":"info@eyecos.eu","telephone":"+34 938 10 22 50","legalName":"NEWEYES TECH, SL","vatID":"B67266148","numberOfEmployees":{"@type":"QuantitativeValue","minValue":"11","maxValue":"50"}},{"@type":"Person","@id":"https:\/\/eyecos.eu\/#\/schema\/person\/f20173e41b5c919346ab693d757ea605","name":"coordinatormedia@eyecos.eu","image":{"@type":"ImageObject","inLanguage":"en-US","@id":"https:\/\/secure.gravatar.com\/avatar\/af63533680aa934fdd5471eb5b164d24a28d6ddaec95a130ab82a9c442c8d48d?s=96&d=mm&r=g","url":"https:\/\/secure.gravatar.com\/avatar\/af63533680aa934fdd5471eb5b164d24a28d6ddaec95a130ab82a9c442c8d48d?s=96&d=mm&r=g","contentUrl":"https:\/\/secure.gravatar.com\/avatar\/af63533680aa934fdd5471eb5b164d24a28d6ddaec95a130ab82a9c442c8d48d?s=96&d=mm&r=g","caption":"coordinatormedia@eyecos.eu"},"url":"https:\/\/eyecos.eu\/en\/author\/coordinatormediaeyecos-eu\/"}]}},"_links":{"self":[{"href":"https:\/\/eyecos.eu\/en\/wp-json\/wp\/v2\/posts\/299927","targetHints":{"allow":["GET"]}}],"collection":[{"href":"https:\/\/eyecos.eu\/en\/wp-json\/wp\/v2\/posts"}],"about":[{"href":"https:\/\/eyecos.eu\/en\/wp-json\/wp\/v2\/types\/post"}],"author":[{"embeddable":true,"href":"https:\/\/eyecos.eu\/en\/wp-json\/wp\/v2\/users\/2"}],"replies":[{"embeddable":true,"href":"https:\/\/eyecos.eu\/en\/wp-json\/wp\/v2\/comments?post=299927"}],"version-history":[{"count":0,"href":"https:\/\/eyecos.eu\/en\/wp-json\/wp\/v2\/posts\/299927\/revisions"}],"wp:featuredmedia":[{"embeddable":true,"href":"https:\/\/eyecos.eu\/en\/wp-json\/wp\/v2\/media\/299928"}],"wp:attachment":[{"href":"https:\/\/eyecos.eu\/en\/wp-json\/wp\/v2\/media?parent=299927"}],"wp:term":[{"taxonomy":"category","embeddable":true,"href":"https:\/\/eyecos.eu\/en\/wp-json\/wp\/v2\/categories?post=299927"},{"taxonomy":"post_tag","embeddable":true,"href":"https:\/\/eyecos.eu\/en\/wp-json\/wp\/v2\/tags?post=299927"}],"curies":[{"name":"wp","href":"https:\/\/api.w.org\/{rel}","templated":true}]}}