{"id":299906,"date":"2024-01-30T14:19:56","date_gmt":"2024-01-30T14:19:56","guid":{"rendered":"https:\/\/eyecos.eu\/2024\/01\/30\/como-sera-tu-dia-a-dia-en-eyecos\/"},"modified":"2024-01-30T14:19:56","modified_gmt":"2024-01-30T14:19:56","slug":"como-sera-tu-dia-a-dia-en-eyecos","status":"publish","type":"post","link":"https:\/\/eyecos.eu\/en\/2024\/01\/30\/como-sera-tu-dia-a-dia-en-eyecos\/","title":{"rendered":"\u00bfC\u00f3mo ser\u00e1 tu d\u00eda a d\u00eda en Eyecos?"},"content":{"rendered":"<p>Cuando surge la idea de <strong>cambiar el color de tus ojos<\/strong>, es natural que te asalten muchas preguntas. \u00bfCu\u00e1l es el tratamiento m\u00e1s adecuado para m\u00ed? \u00bfD\u00f3nde encontrar la mejor cl\u00ednica? \u00bfQu\u00e9 tan seguro es el proceso? \u00bfPodr\u00e9 elegir el color de mis ojos? \u00bfExperimentar\u00e9 dolor durante el procedimiento? \u00bfExisten contraindicaciones posibles? Estas son solo algunas de las preguntas frecuentes que nos encontramos en Eyecos y que abordamos durante la <strong>primera consulta informativa gratuita<\/strong>. Nuestro objetivo es que te sientas seguro\/a al embarcarte en este emocionante tratamiento.<\/p>\n<p>Este primer encuentro con la cl\u00ednica es fundamentalmente informativo. Realizamos chequeos previos para asegurarnos de que seas apto para el tratamiento. Una vez confirmamos tu elegibilidad, conocer\u00e1s al Dr. Grimaldos, quien te guiar\u00e1 a lo largo del proceso. Se evaluar\u00e1 el <strong>color actual<\/strong> de tus ojos, se discutir\u00e1 el <strong>resultado esperado<\/strong> y se determinar\u00e1 el <strong>n\u00famero de fases necesarias<\/strong>.<\/p>\n<p>Con toda la informaci\u00f3n proporcionada sobre la t\u00e9cnica y el tratamiento, y despu\u00e9s de pasar los chequeos previos, iniciaremos <strong>tu primera fase<\/strong>. Este per\u00edodo de <strong>cuatro d\u00edas<\/strong> implica el proceso gradual de despigmentaci\u00f3n de las capas de melanina en tu iris. Para garantizar tu seguridad, tratamos solo un cuarto del iris cada d\u00eda, limitando as\u00ed la exposici\u00f3n ocular a cantidades controladas de presi\u00f3n. Durante estos d\u00edas, seguir\u00e1s un r\u00e9gimen de gotas oculares y medicaci\u00f3n oral diaria. Cada d\u00eda, realizar\u00e1s una r\u00e1pida toma de presi\u00f3n antes de encontrarte con el Dr. Grimaldos para el tratamiento con l\u00e1ser. Te proporcionaremos informaci\u00f3n de contacto para que puedas comunicarte con nosotros en caso de dudas o necesidades durante tu estancia, asegurando tu bienestar y seguridad en todo momento.<\/p>\n<p>En \u00faltima instancia, la rutina diaria de quienes se someten al tratamiento en nuestra cl\u00ednica generalmente sigue la norma. Atendemos a pacientes de todo el mundo, muchos de los cuales aprovechan para explorar la ciudad durante su estancia. Tambi\u00e9n recibimos a pacientes locales que contin\u00faan con sus actividades cotidianas la misma semana en que realizan el tratamiento, ya sea haciendo compras, conduciendo o trabajando frente a pantallas. Recomendamos evitar esfuerzos f\u00edsicos intensos, seguir la medicaci\u00f3n proporcionada y abstenerse de consumir alcohol. Estamos comprometidos a hacer de tu experiencia en Eyecos una transformaci\u00f3n segura y positiva. Reserva tu pr\u00f3xima cita con nosotros <a href=\"https:\/\/www.eyecos.eu\/contacto\/\">aqu\u00ed<\/a> o ll\u00e1manos al <strong>+34 938 10 22 50.<\/strong><\/p>\n","protected":false},"excerpt":{"rendered":"<p>Cuando surge la idea de cambiar el color de tus ojos, es natural que te asalten muchas preguntas. \u00bfCu\u00e1l es el tratamiento m\u00e1s adecuado para m\u00ed? \u00bfD\u00f3nde encontrar la mejor cl\u00ednica? \u00bfQu\u00e9 tan seguro es el proceso? \u00bfPodr\u00e9 elegir el color de mis ojos? \u00bfExperimentar\u00e9 dolor durante el procedimiento? \u00bfExisten contraindicaciones posibles? Estas son solo [&hellip;]<\/p>\n","protected":false},"author":2,"featured_media":299908,"comment_status":"closed","ping_status":"closed","sticky":false,"template":"","format":"standard","meta":{"footnotes":""},"categories":[119],"tags":[129,124,130,125],"class_list":["post-299906","post","type-post","status-publish","format-standard","has-post-thumbnail","hentry","category-eye-color-change","tag-barcelona","tag-clientes","tag-clinica-eyecos","tag-pacientes"],"yoast_head":"<!-- This site is optimized with the Yoast SEO Premium plugin v27.4 (Yoast SEO v27.4) - https:\/\/yoast.com\/product\/yoast-seo-premium-wordpress\/ -->\n<title>\u00bfC\u00f3mo ser\u00e1 tu d\u00eda a d\u00eda en Eyecos? - Cl\u00ednica Eyecos - Cambio color de ojos<\/title>\n<meta name=\"robots\" content=\"index, follow, max-snippet:-1, max-image-preview:large, max-video-preview:-1\" \/>\n<link rel=\"canonical\" href=\"https:\/\/eyecos.eu\/en\/2024\/01\/30\/como-sera-tu-dia-a-dia-en-eyecos\/\" \/>\n<meta property=\"og:locale\" content=\"en_US\" \/>\n<meta property=\"og:type\" content=\"article\" \/>\n<meta property=\"og:title\" content=\"\u00bfC\u00f3mo ser\u00e1 tu d\u00eda a d\u00eda en Eyecos?\" \/>\n<meta property=\"og:description\" content=\"Cuando surge la idea de cambiar el color de tus ojos, es natural que te asalten muchas preguntas. \u00bfCu\u00e1l es el tratamiento m\u00e1s adecuado para m\u00ed? \u00bfD\u00f3nde encontrar la mejor cl\u00ednica? \u00bfQu\u00e9 tan seguro es el proceso? \u00bfPodr\u00e9 elegir el color de mis ojos? \u00bfExperimentar\u00e9 dolor durante el procedimiento? \u00bfExisten contraindicaciones posibles? Estas son solo [&hellip;]\" \/>\n<meta property=\"og:url\" content=\"https:\/\/eyecos.eu\/en\/2024\/01\/30\/como-sera-tu-dia-a-dia-en-eyecos\/\" \/>\n<meta property=\"og:site_name\" content=\"Cl\u00ednica Eyecos - Cambio color de ojos\" \/>\n<meta property=\"article:publisher\" content=\"https:\/\/www.facebook.com\/neweyeslaser\" \/>\n<meta property=\"article:published_time\" content=\"2024-01-30T14:19:56+00:00\" \/>\n<meta name=\"author\" content=\"coordinatormedia@eyecos.eu\" \/>\n<meta name=\"twitter:card\" content=\"summary_large_image\" \/>\n<meta name=\"twitter:creator\" content=\"@NewEyesLaser\" \/>\n<meta name=\"twitter:site\" content=\"@NewEyesLaser\" \/>\n<meta name=\"twitter:label1\" content=\"Written by\" \/>\n\t<meta name=\"twitter:data1\" content=\"coordinatormedia@eyecos.eu\" \/>\n\t<meta name=\"twitter:label2\" content=\"Est. reading time\" \/>\n\t<meta name=\"twitter:data2\" content=\"2 minutes\" \/>\n<script type=\"application\/ld+json\" class=\"yoast-schema-graph\">{\"@context\":\"https:\\\/\\\/schema.org\",\"@graph\":[{\"@type\":\"Article\",\"@id\":\"https:\\\/\\\/eyecos.eu\\\/en\\\/2024\\\/01\\\/30\\\/como-sera-tu-dia-a-dia-en-eyecos\\\/#article\",\"isPartOf\":{\"@id\":\"https:\\\/\\\/eyecos.eu\\\/en\\\/2024\\\/01\\\/30\\\/como-sera-tu-dia-a-dia-en-eyecos\\\/\"},\"author\":{\"name\":\"coordinatormedia@eyecos.eu\",\"@id\":\"https:\\\/\\\/eyecos.eu\\\/#\\\/schema\\\/person\\\/f20173e41b5c919346ab693d757ea605\"},\"headline\":\"\u00bfC\u00f3mo ser\u00e1 tu d\u00eda a d\u00eda en Eyecos?\",\"datePublished\":\"2024-01-30T14:19:56+00:00\",\"mainEntityOfPage\":{\"@id\":\"https:\\\/\\\/eyecos.eu\\\/en\\\/2024\\\/01\\\/30\\\/como-sera-tu-dia-a-dia-en-eyecos\\\/\"},\"wordCount\":421,\"publisher\":{\"@id\":\"https:\\\/\\\/eyecos.eu\\\/#organization\"},\"image\":{\"@id\":\"https:\\\/\\\/eyecos.eu\\\/en\\\/2024\\\/01\\\/30\\\/como-sera-tu-dia-a-dia-en-eyecos\\\/#primaryimage\"},\"thumbnailUrl\":\"https:\\\/\\\/eyecos.eu\\\/wp-content\\\/uploads\\\/2024\\\/01\\\/un-dia-en-eyecos.jpg\",\"keywords\":[\"Barcelona\",\"Clientes\",\"Cl\u00ednica-Eyecos\",\"Pacientes\"],\"articleSection\":[\"eye color change\"],\"inLanguage\":\"en-US\"},{\"@type\":\"WebPage\",\"@id\":\"https:\\\/\\\/eyecos.eu\\\/en\\\/2024\\\/01\\\/30\\\/como-sera-tu-dia-a-dia-en-eyecos\\\/\",\"url\":\"https:\\\/\\\/eyecos.eu\\\/en\\\/2024\\\/01\\\/30\\\/como-sera-tu-dia-a-dia-en-eyecos\\\/\",\"name\":\"\u00bfC\u00f3mo ser\u00e1 tu d\u00eda a d\u00eda en Eyecos? - Cl\u00ednica Eyecos - Cambio color de ojos\",\"isPartOf\":{\"@id\":\"https:\\\/\\\/eyecos.eu\\\/#website\"},\"primaryImageOfPage\":{\"@id\":\"https:\\\/\\\/eyecos.eu\\\/en\\\/2024\\\/01\\\/30\\\/como-sera-tu-dia-a-dia-en-eyecos\\\/#primaryimage\"},\"image\":{\"@id\":\"https:\\\/\\\/eyecos.eu\\\/en\\\/2024\\\/01\\\/30\\\/como-sera-tu-dia-a-dia-en-eyecos\\\/#primaryimage\"},\"thumbnailUrl\":\"https:\\\/\\\/eyecos.eu\\\/wp-content\\\/uploads\\\/2024\\\/01\\\/un-dia-en-eyecos.jpg\",\"datePublished\":\"2024-01-30T14:19:56+00:00\",\"breadcrumb\":{\"@id\":\"https:\\\/\\\/eyecos.eu\\\/en\\\/2024\\\/01\\\/30\\\/como-sera-tu-dia-a-dia-en-eyecos\\\/#breadcrumb\"},\"inLanguage\":\"en-US\",\"potentialAction\":[{\"@type\":\"ReadAction\",\"target\":[\"https:\\\/\\\/eyecos.eu\\\/en\\\/2024\\\/01\\\/30\\\/como-sera-tu-dia-a-dia-en-eyecos\\\/\"]}]},{\"@type\":\"ImageObject\",\"inLanguage\":\"en-US\",\"@id\":\"https:\\\/\\\/eyecos.eu\\\/en\\\/2024\\\/01\\\/30\\\/como-sera-tu-dia-a-dia-en-eyecos\\\/#primaryimage\",\"url\":\"https:\\\/\\\/eyecos.eu\\\/wp-content\\\/uploads\\\/2024\\\/01\\\/un-dia-en-eyecos.jpg\",\"contentUrl\":\"https:\\\/\\\/eyecos.eu\\\/wp-content\\\/uploads\\\/2024\\\/01\\\/un-dia-en-eyecos.jpg\",\"width\":710,\"height\":466},{\"@type\":\"BreadcrumbList\",\"@id\":\"https:\\\/\\\/eyecos.eu\\\/en\\\/2024\\\/01\\\/30\\\/como-sera-tu-dia-a-dia-en-eyecos\\\/#breadcrumb\",\"itemListElement\":[{\"@type\":\"ListItem\",\"position\":1,\"name\":\"Home\",\"item\":\"https:\\\/\\\/eyecos.eu\\\/en\\\/\"},{\"@type\":\"ListItem\",\"position\":2,\"name\":\"\u00bfC\u00f3mo ser\u00e1 tu d\u00eda a d\u00eda en Eyecos?\"}]},{\"@type\":\"WebSite\",\"@id\":\"https:\\\/\\\/eyecos.eu\\\/#website\",\"url\":\"https:\\\/\\\/eyecos.eu\\\/\",\"name\":\"Cl\u00ednica Eyecos - Cambio color de ojos\",\"description\":\"\u00danica clinica que realiza el cambio del color de los ojos con l\u00e1ser con m\u00e1s 1000 pacientes y casi 10 a\u00f1os de experiencia\",\"publisher\":{\"@id\":\"https:\\\/\\\/eyecos.eu\\\/#organization\"},\"potentialAction\":[{\"@type\":\"SearchAction\",\"target\":{\"@type\":\"EntryPoint\",\"urlTemplate\":\"https:\\\/\\\/eyecos.eu\\\/?s={search_term_string}\"},\"query-input\":{\"@type\":\"PropertyValueSpecification\",\"valueRequired\":true,\"valueName\":\"search_term_string\"}}],\"inLanguage\":\"en-US\"},{\"@type\":\"Organization\",\"@id\":\"https:\\\/\\\/eyecos.eu\\\/#organization\",\"name\":\"Cl\u00ednica Eyecos - Cambio color de ojos\",\"url\":\"https:\\\/\\\/eyecos.eu\\\/\",\"logo\":{\"@type\":\"ImageObject\",\"inLanguage\":\"en-US\",\"@id\":\"https:\\\/\\\/eyecos.eu\\\/#\\\/schema\\\/logo\\\/image\\\/\",\"url\":\"https:\\\/\\\/eyecos.eu\\\/wp-content\\\/uploads\\\/2026\\\/03\\\/LOGO-EYECOS.png\",\"contentUrl\":\"https:\\\/\\\/eyecos.eu\\\/wp-content\\\/uploads\\\/2026\\\/03\\\/LOGO-EYECOS.png\",\"width\":480,\"height\":480,\"caption\":\"Cl\u00ednica Eyecos - Cambio color de ojos\"},\"image\":{\"@id\":\"https:\\\/\\\/eyecos.eu\\\/#\\\/schema\\\/logo\\\/image\\\/\"},\"sameAs\":[\"https:\\\/\\\/www.facebook.com\\\/neweyeslaser\",\"https:\\\/\\\/x.com\\\/NewEyesLaser\",\"https:\\\/\\\/www.instagram.com\\\/neweyeslaser\\\/\",\"https:\\\/\\\/www.youtube.com\\\/channel\\\/UCEP1SxNwkXaEJ7b47xm7jSg\",\"https:\\\/\\\/www.tiktok.com\\\/@eyecosclinic\",\"https:\\\/\\\/www.linkedin.com\\\/company\\\/clinica-eyecos\\\/posts\\\/?feedView=all\"],\"description\":\"Eyecos se destaca como la cl\u00ednica pionera a nivel mundial en realizar el cambio de color de los ojos mediante iridoplastia l\u00e1ser y con una tecnolog\u00eda \u00fanica, dise\u00f1ada y patentada por el Doctor Pedro Grimaldos. Lo que nos diferencia de otras cl\u00ednicas de cambio de color de ojos es que empleamos la tecnolog\u00eda m\u00e1s avanzada y segura en el mundo, lo que nos consolida como referentes en el desarrollo e investigaci\u00f3n para el cambio de color de ojos.\",\"email\":\"info@eyecos.eu\",\"telephone\":\"+34 938 10 22 50\",\"legalName\":\"NEWEYES TECH, SL\",\"vatID\":\"B67266148\",\"numberOfEmployees\":{\"@type\":\"QuantitativeValue\",\"minValue\":\"11\",\"maxValue\":\"50\"}},{\"@type\":\"Person\",\"@id\":\"https:\\\/\\\/eyecos.eu\\\/#\\\/schema\\\/person\\\/f20173e41b5c919346ab693d757ea605\",\"name\":\"coordinatormedia@eyecos.eu\",\"image\":{\"@type\":\"ImageObject\",\"inLanguage\":\"en-US\",\"@id\":\"https:\\\/\\\/secure.gravatar.com\\\/avatar\\\/af63533680aa934fdd5471eb5b164d24a28d6ddaec95a130ab82a9c442c8d48d?s=96&d=mm&r=g\",\"url\":\"https:\\\/\\\/secure.gravatar.com\\\/avatar\\\/af63533680aa934fdd5471eb5b164d24a28d6ddaec95a130ab82a9c442c8d48d?s=96&d=mm&r=g\",\"contentUrl\":\"https:\\\/\\\/secure.gravatar.com\\\/avatar\\\/af63533680aa934fdd5471eb5b164d24a28d6ddaec95a130ab82a9c442c8d48d?s=96&d=mm&r=g\",\"caption\":\"coordinatormedia@eyecos.eu\"},\"url\":\"https:\\\/\\\/eyecos.eu\\\/en\\\/author\\\/coordinatormediaeyecos-eu\\\/\"}]}<\/script>\n<!-- \/ Yoast SEO Premium plugin. -->","yoast_head_json":{"title":"\u00bfC\u00f3mo ser\u00e1 tu d\u00eda a d\u00eda en Eyecos? - Cl\u00ednica Eyecos - Cambio color de ojos","robots":{"index":"index","follow":"follow","max-snippet":"max-snippet:-1","max-image-preview":"max-image-preview:large","max-video-preview":"max-video-preview:-1"},"canonical":"https:\/\/eyecos.eu\/en\/2024\/01\/30\/como-sera-tu-dia-a-dia-en-eyecos\/","og_locale":"en_US","og_type":"article","og_title":"\u00bfC\u00f3mo ser\u00e1 tu d\u00eda a d\u00eda en Eyecos?","og_description":"Cuando surge la idea de cambiar el color de tus ojos, es natural que te asalten muchas preguntas. \u00bfCu\u00e1l es el tratamiento m\u00e1s adecuado para m\u00ed? \u00bfD\u00f3nde encontrar la mejor cl\u00ednica? \u00bfQu\u00e9 tan seguro es el proceso? \u00bfPodr\u00e9 elegir el color de mis ojos? \u00bfExperimentar\u00e9 dolor durante el procedimiento? \u00bfExisten contraindicaciones posibles? Estas son solo [&hellip;]","og_url":"https:\/\/eyecos.eu\/en\/2024\/01\/30\/como-sera-tu-dia-a-dia-en-eyecos\/","og_site_name":"Cl\u00ednica Eyecos - Cambio color de ojos","article_publisher":"https:\/\/www.facebook.com\/neweyeslaser","article_published_time":"2024-01-30T14:19:56+00:00","author":"coordinatormedia@eyecos.eu","twitter_card":"summary_large_image","twitter_creator":"@NewEyesLaser","twitter_site":"@NewEyesLaser","twitter_misc":{"Written by":"coordinatormedia@eyecos.eu","Est. reading time":"2 minutes"},"schema":{"@context":"https:\/\/schema.org","@graph":[{"@type":"Article","@id":"https:\/\/eyecos.eu\/en\/2024\/01\/30\/como-sera-tu-dia-a-dia-en-eyecos\/#article","isPartOf":{"@id":"https:\/\/eyecos.eu\/en\/2024\/01\/30\/como-sera-tu-dia-a-dia-en-eyecos\/"},"author":{"name":"coordinatormedia@eyecos.eu","@id":"https:\/\/eyecos.eu\/#\/schema\/person\/f20173e41b5c919346ab693d757ea605"},"headline":"\u00bfC\u00f3mo ser\u00e1 tu d\u00eda a d\u00eda en Eyecos?","datePublished":"2024-01-30T14:19:56+00:00","mainEntityOfPage":{"@id":"https:\/\/eyecos.eu\/en\/2024\/01\/30\/como-sera-tu-dia-a-dia-en-eyecos\/"},"wordCount":421,"publisher":{"@id":"https:\/\/eyecos.eu\/#organization"},"image":{"@id":"https:\/\/eyecos.eu\/en\/2024\/01\/30\/como-sera-tu-dia-a-dia-en-eyecos\/#primaryimage"},"thumbnailUrl":"https:\/\/eyecos.eu\/wp-content\/uploads\/2024\/01\/un-dia-en-eyecos.jpg","keywords":["Barcelona","Clientes","Cl\u00ednica-Eyecos","Pacientes"],"articleSection":["eye color change"],"inLanguage":"en-US"},{"@type":"WebPage","@id":"https:\/\/eyecos.eu\/en\/2024\/01\/30\/como-sera-tu-dia-a-dia-en-eyecos\/","url":"https:\/\/eyecos.eu\/en\/2024\/01\/30\/como-sera-tu-dia-a-dia-en-eyecos\/","name":"\u00bfC\u00f3mo ser\u00e1 tu d\u00eda a d\u00eda en Eyecos? - Cl\u00ednica Eyecos - Cambio color de ojos","isPartOf":{"@id":"https:\/\/eyecos.eu\/#website"},"primaryImageOfPage":{"@id":"https:\/\/eyecos.eu\/en\/2024\/01\/30\/como-sera-tu-dia-a-dia-en-eyecos\/#primaryimage"},"image":{"@id":"https:\/\/eyecos.eu\/en\/2024\/01\/30\/como-sera-tu-dia-a-dia-en-eyecos\/#primaryimage"},"thumbnailUrl":"https:\/\/eyecos.eu\/wp-content\/uploads\/2024\/01\/un-dia-en-eyecos.jpg","datePublished":"2024-01-30T14:19:56+00:00","breadcrumb":{"@id":"https:\/\/eyecos.eu\/en\/2024\/01\/30\/como-sera-tu-dia-a-dia-en-eyecos\/#breadcrumb"},"inLanguage":"en-US","potentialAction":[{"@type":"ReadAction","target":["https:\/\/eyecos.eu\/en\/2024\/01\/30\/como-sera-tu-dia-a-dia-en-eyecos\/"]}]},{"@type":"ImageObject","inLanguage":"en-US","@id":"https:\/\/eyecos.eu\/en\/2024\/01\/30\/como-sera-tu-dia-a-dia-en-eyecos\/#primaryimage","url":"https:\/\/eyecos.eu\/wp-content\/uploads\/2024\/01\/un-dia-en-eyecos.jpg","contentUrl":"https:\/\/eyecos.eu\/wp-content\/uploads\/2024\/01\/un-dia-en-eyecos.jpg","width":710,"height":466},{"@type":"BreadcrumbList","@id":"https:\/\/eyecos.eu\/en\/2024\/01\/30\/como-sera-tu-dia-a-dia-en-eyecos\/#breadcrumb","itemListElement":[{"@type":"ListItem","position":1,"name":"Home","item":"https:\/\/eyecos.eu\/en\/"},{"@type":"ListItem","position":2,"name":"\u00bfC\u00f3mo ser\u00e1 tu d\u00eda a d\u00eda en Eyecos?"}]},{"@type":"WebSite","@id":"https:\/\/eyecos.eu\/#website","url":"https:\/\/eyecos.eu\/","name":"Cl\u00ednica Eyecos - Cambio color de ojos","description":"\u00danica clinica que realiza el cambio del color de los ojos con l\u00e1ser con m\u00e1s 1000 pacientes y casi 10 a\u00f1os de experiencia","publisher":{"@id":"https:\/\/eyecos.eu\/#organization"},"potentialAction":[{"@type":"SearchAction","target":{"@type":"EntryPoint","urlTemplate":"https:\/\/eyecos.eu\/?s={search_term_string}"},"query-input":{"@type":"PropertyValueSpecification","valueRequired":true,"valueName":"search_term_string"}}],"inLanguage":"en-US"},{"@type":"Organization","@id":"https:\/\/eyecos.eu\/#organization","name":"Cl\u00ednica Eyecos - Cambio color de ojos","url":"https:\/\/eyecos.eu\/","logo":{"@type":"ImageObject","inLanguage":"en-US","@id":"https:\/\/eyecos.eu\/#\/schema\/logo\/image\/","url":"https:\/\/eyecos.eu\/wp-content\/uploads\/2026\/03\/LOGO-EYECOS.png","contentUrl":"https:\/\/eyecos.eu\/wp-content\/uploads\/2026\/03\/LOGO-EYECOS.png","width":480,"height":480,"caption":"Cl\u00ednica Eyecos - Cambio color de ojos"},"image":{"@id":"https:\/\/eyecos.eu\/#\/schema\/logo\/image\/"},"sameAs":["https:\/\/www.facebook.com\/neweyeslaser","https:\/\/x.com\/NewEyesLaser","https:\/\/www.instagram.com\/neweyeslaser\/","https:\/\/www.youtube.com\/channel\/UCEP1SxNwkXaEJ7b47xm7jSg","https:\/\/www.tiktok.com\/@eyecosclinic","https:\/\/www.linkedin.com\/company\/clinica-eyecos\/posts\/?feedView=all"],"description":"Eyecos se destaca como la cl\u00ednica pionera a nivel mundial en realizar el cambio de color de los ojos mediante iridoplastia l\u00e1ser y con una tecnolog\u00eda \u00fanica, dise\u00f1ada y patentada por el Doctor Pedro Grimaldos. Lo que nos diferencia de otras cl\u00ednicas de cambio de color de ojos es que empleamos la tecnolog\u00eda m\u00e1s avanzada y segura en el mundo, lo que nos consolida como referentes en el desarrollo e investigaci\u00f3n para el cambio de color de ojos.","email":"info@eyecos.eu","telephone":"+34 938 10 22 50","legalName":"NEWEYES TECH, SL","vatID":"B67266148","numberOfEmployees":{"@type":"QuantitativeValue","minValue":"11","maxValue":"50"}},{"@type":"Person","@id":"https:\/\/eyecos.eu\/#\/schema\/person\/f20173e41b5c919346ab693d757ea605","name":"coordinatormedia@eyecos.eu","image":{"@type":"ImageObject","inLanguage":"en-US","@id":"https:\/\/secure.gravatar.com\/avatar\/af63533680aa934fdd5471eb5b164d24a28d6ddaec95a130ab82a9c442c8d48d?s=96&d=mm&r=g","url":"https:\/\/secure.gravatar.com\/avatar\/af63533680aa934fdd5471eb5b164d24a28d6ddaec95a130ab82a9c442c8d48d?s=96&d=mm&r=g","contentUrl":"https:\/\/secure.gravatar.com\/avatar\/af63533680aa934fdd5471eb5b164d24a28d6ddaec95a130ab82a9c442c8d48d?s=96&d=mm&r=g","caption":"coordinatormedia@eyecos.eu"},"url":"https:\/\/eyecos.eu\/en\/author\/coordinatormediaeyecos-eu\/"}]}},"_links":{"self":[{"href":"https:\/\/eyecos.eu\/en\/wp-json\/wp\/v2\/posts\/299906","targetHints":{"allow":["GET"]}}],"collection":[{"href":"https:\/\/eyecos.eu\/en\/wp-json\/wp\/v2\/posts"}],"about":[{"href":"https:\/\/eyecos.eu\/en\/wp-json\/wp\/v2\/types\/post"}],"author":[{"embeddable":true,"href":"https:\/\/eyecos.eu\/en\/wp-json\/wp\/v2\/users\/2"}],"replies":[{"embeddable":true,"href":"https:\/\/eyecos.eu\/en\/wp-json\/wp\/v2\/comments?post=299906"}],"version-history":[{"count":0,"href":"https:\/\/eyecos.eu\/en\/wp-json\/wp\/v2\/posts\/299906\/revisions"}],"wp:featuredmedia":[{"embeddable":true,"href":"https:\/\/eyecos.eu\/en\/wp-json\/wp\/v2\/media\/299908"}],"wp:attachment":[{"href":"https:\/\/eyecos.eu\/en\/wp-json\/wp\/v2\/media?parent=299906"}],"wp:term":[{"taxonomy":"category","embeddable":true,"href":"https:\/\/eyecos.eu\/en\/wp-json\/wp\/v2\/categories?post=299906"},{"taxonomy":"post_tag","embeddable":true,"href":"https:\/\/eyecos.eu\/en\/wp-json\/wp\/v2\/tags?post=299906"}],"curies":[{"name":"wp","href":"https:\/\/api.w.org\/{rel}","templated":true}]}}