{"id":299903,"date":"2024-02-22T14:19:17","date_gmt":"2024-02-22T14:19:17","guid":{"rendered":"https:\/\/eyecos.eu\/2024\/02\/22\/garantizando-la-seguridad-y-bienestar-en-eyecos-seguimiento-psicologico-de-nuestros-pacientes\/"},"modified":"2024-02-22T14:19:17","modified_gmt":"2024-02-22T14:19:17","slug":"garantizando-la-seguridad-y-bienestar-en-eyecos-seguimiento-psicologico-de-nuestros-pacientes","status":"publish","type":"post","link":"https:\/\/eyecos.eu\/en\/2024\/02\/22\/garantizando-la-seguridad-y-bienestar-en-eyecos-seguimiento-psicologico-de-nuestros-pacientes\/","title":{"rendered":"Garantizando la seguridad y bienestar en Eyecos: seguimiento psicol\u00f3gico de nuestros pacientes"},"content":{"rendered":"<p>En Eyecos, nos enorgullece nuestra trayectoria desde 2012, liderando el <strong>cambio de color de ojos<\/strong> con una tecnolog\u00eda segura y efectiva en el sector. Para garantizar la idoneidad de nuestros tratamientos, realizamos exhaustivos chequeos previos, incluyendo evaluaciones psicol\u00f3gicas, para descartar posibles contraindicaciones. En julio de 2023, llevamos a cabo un <strong>estudio psicol\u00f3gico<\/strong> que arroj\u00f3 resultados significativos, y en febrero de 2024, realizamos un seguimiento para validar dichos datos.<\/p>\n<p>Nuestra <strong>muestra<\/strong>, compuesta por pacientes de <strong>18 a 72 a\u00f1os<\/strong>, con una edad media de 37 a\u00f1os, evidenci\u00f3 un aumento en la franja etaria superior, elevando la edad media en un punto desde el estudio anterior.<\/p>\n<p>Al comparar con el estudio previo, observamos que la mayor\u00eda de los pacientes <strong>no mostraban indicios de problemas psicol\u00f3gicos<\/strong>, lo cual es alentador y consistente con los resultados anteriores.<\/p>\n<p><img fetchpriority=\"high\" decoding=\"async\" class=\"alignnone wp-image-286099 \" src=\"https:\/\/www.eyecos.eu\/wp-content\/uploads\/2024\/02\/eyecos-1.jpg\" alt=\"\" width=\"457\" height=\"277\" srcset=\"https:\/\/eyecos.eu\/wp-content\/uploads\/2024\/02\/eyecos-1.jpg 795w, https:\/\/eyecos.eu\/wp-content\/uploads\/2024\/02\/eyecos-1-300x182.jpg 300w, https:\/\/eyecos.eu\/wp-content\/uploads\/2024\/02\/eyecos-1-600x364.jpg 600w, https:\/\/eyecos.eu\/wp-content\/uploads\/2024\/02\/eyecos-1-768x466.jpg 768w\" sizes=\"(max-width: 457px) 100vw, 457px\" \/><\/p>\n<p>Mantenemos categor\u00edas de <strong>diagn\u00f3stico<\/strong> como &#8220;Ansiedad-Estr\u00e9s-Depresi\u00f3n&#8221;, &#8220;Dismorfobia&#8221;, &#8220;Normal&#8221; y &#8220;Obsesivo-Paranoide&#8221;. Predominantemente, los pacientes exhib\u00edan un estado psicol\u00f3gico &#8220;normal&#8221;, seguido por &#8220;Obsesivo-Paranoide&#8221; y &#8220;Dismorfobia&#8221;, con una disminuci\u00f3n en el n\u00famero de estos \u00faltimos.<\/p>\n<p><img decoding=\"async\" class=\"alignnone wp-image-286147 \" src=\"https:\/\/www.eyecos.eu\/wp-content\/uploads\/2024\/02\/eyecos-2.jpg\" alt=\"\" width=\"524\" height=\"275\" srcset=\"https:\/\/eyecos.eu\/wp-content\/uploads\/2024\/02\/eyecos-2.jpg 758w, https:\/\/eyecos.eu\/wp-content\/uploads\/2024\/02\/eyecos-2-300x158.jpg 300w, https:\/\/eyecos.eu\/wp-content\/uploads\/2024\/02\/eyecos-2-600x315.jpg 600w\" sizes=\"(max-width: 524px) 100vw, 524px\" \/><\/p>\n<p>En cuanto a las<strong> motivaciones<\/strong> para el tratamiento, la mayor\u00eda buscaba cambios est\u00e9ticos, aunque un n\u00famero menor tambi\u00e9n consideraba razones de salud.<\/p>\n<p><img decoding=\"async\" class=\"alignnone wp-image-286105 \" src=\"https:\/\/www.eyecos.eu\/wp-content\/uploads\/2024\/02\/eyecos-3.jpg\" alt=\"\" width=\"554\" height=\"307\" srcset=\"https:\/\/eyecos.eu\/wp-content\/uploads\/2024\/02\/eyecos-3.jpg 782w, https:\/\/eyecos.eu\/wp-content\/uploads\/2024\/02\/eyecos-3-300x166.jpg 300w, https:\/\/eyecos.eu\/wp-content\/uploads\/2024\/02\/eyecos-3-600x332.jpg 600w, https:\/\/eyecos.eu\/wp-content\/uploads\/2024\/02\/eyecos-3-768x425.jpg 768w\" sizes=\"(max-width: 554px) 100vw, 554px\" \/><\/p>\n<p>El historial de <strong>cirug\u00edas previas<\/strong> revel\u00f3 un incremento en pacientes sin experiencia previa, con una tendencia hacia un menor n\u00famero de cirug\u00edas realizadas. Observamos una posible correlaci\u00f3n con el perfil dismorfof\u00f3bico en casos de m\u00faltiples intervenciones.<\/p>\n<p><img loading=\"lazy\" decoding=\"async\" class=\"alignnone wp-image-286111 \" src=\"https:\/\/www.eyecos.eu\/wp-content\/uploads\/2024\/02\/eyecos-4.jpg\" alt=\"\" width=\"588\" height=\"356\" srcset=\"https:\/\/eyecos.eu\/wp-content\/uploads\/2024\/02\/eyecos-4.jpg 933w, https:\/\/eyecos.eu\/wp-content\/uploads\/2024\/02\/eyecos-4-300x182.jpg 300w, https:\/\/eyecos.eu\/wp-content\/uploads\/2024\/02\/eyecos-4-600x363.jpg 600w, https:\/\/eyecos.eu\/wp-content\/uploads\/2024\/02\/eyecos-4-768x465.jpg 768w\" sizes=\"(max-width: 588px) 100vw, 588px\" \/><\/p>\n<p>En la muestra analizada, se observ\u00f3 una amplia gama de comportamientos en relaci\u00f3n con los <strong>tratamientos cosm\u00e9ticos<\/strong>. La mayor\u00eda de los pacientes de la cl\u00ednica no se someten a ning\u00fan tratamiento, salvo por el cambio de color de ojos, lo cual puede indicar que el grupo de estudio no muestra una alta propensi\u00f3n a realizar este tipo de procedimientos. Sin embargo, increment\u00f3 el n\u00famero de individuos que hab\u00edan realizado uno o dos tratamientos previamente.<\/p>\n<p><img loading=\"lazy\" decoding=\"async\" class=\"alignnone wp-image-286117 \" src=\"https:\/\/www.eyecos.eu\/wp-content\/uploads\/2024\/02\/eyecos-5.jpg\" alt=\"\" width=\"635\" height=\"408\" srcset=\"https:\/\/eyecos.eu\/wp-content\/uploads\/2024\/02\/eyecos-5.jpg 880w, https:\/\/eyecos.eu\/wp-content\/uploads\/2024\/02\/eyecos-5-300x193.jpg 300w, https:\/\/eyecos.eu\/wp-content\/uploads\/2024\/02\/eyecos-5-600x385.jpg 600w, https:\/\/eyecos.eu\/wp-content\/uploads\/2024\/02\/eyecos-5-768x493.jpg 768w\" sizes=\"(max-width: 635px) 100vw, 635px\" \/><\/p>\n<p>En cuanto al consumo de <strong>medicamentos est\u00e9ticos<\/strong>, la mayor\u00eda no lo hac\u00eda, con muy pocos pacientes mencionando un consumo regular. Aunque se registr\u00f3 un caso de consumo excesivo, fue poco com\u00fan, lo que sugiere que los pacientes t\u00edpicamente no recurren a este tipo de medicaci\u00f3n.<\/p>\n<p><img loading=\"lazy\" decoding=\"async\" class=\"alignnone wp-image-286123 \" src=\"https:\/\/www.eyecos.eu\/wp-content\/uploads\/2024\/02\/eyecos-6.jpg\" alt=\"\" width=\"634\" height=\"352\" srcset=\"https:\/\/eyecos.eu\/wp-content\/uploads\/2024\/02\/eyecos-6.jpg 782w, https:\/\/eyecos.eu\/wp-content\/uploads\/2024\/02\/eyecos-6-300x166.jpg 300w, https:\/\/eyecos.eu\/wp-content\/uploads\/2024\/02\/eyecos-6-600x333.jpg 600w, https:\/\/eyecos.eu\/wp-content\/uploads\/2024\/02\/eyecos-6-768x426.jpg 768w\" sizes=\"(max-width: 634px) 100vw, 634px\" \/><\/p>\n<p>La mayor\u00eda de los pacientes no informaron haber experimentado <strong>crisis psicol\u00f3gicas<\/strong> significativas, aunque un peque\u00f1o n\u00famero mencion\u00f3 haber tenido una o dos crisis, sin que se pueda establecer una correlaci\u00f3n clara con los tratamientos cosm\u00e9ticos.<\/p>\n<p><img loading=\"lazy\" decoding=\"async\" class=\"alignnone wp-image-286129 \" src=\"https:\/\/www.eyecos.eu\/wp-content\/uploads\/2024\/02\/eyecos-7.jpg\" alt=\"\" width=\"600\" height=\"407\" srcset=\"https:\/\/eyecos.eu\/wp-content\/uploads\/2024\/02\/eyecos-7.jpg 959w, https:\/\/eyecos.eu\/wp-content\/uploads\/2024\/02\/eyecos-7-300x204.jpg 300w, https:\/\/eyecos.eu\/wp-content\/uploads\/2024\/02\/eyecos-7-600x407.jpg 600w, https:\/\/eyecos.eu\/wp-content\/uploads\/2024\/02\/eyecos-7-768x521.jpg 768w\" sizes=\"(max-width: 600px) 100vw, 600px\" \/><\/p>\n<p>Respecto a los <strong>tratamientos psicol\u00f3gicos<\/strong>, la mayor\u00eda de los pacientes segu\u00eda sin recibir ninguno, aunque se destac\u00f3 que algunos pacientes con diagn\u00f3stico de &#8220;Ansiedad-Estr\u00e9s-Depresi\u00f3n&#8221; estaban recibiendo tratamiento farmacol\u00f3gico. Adem\u00e1s, se observ\u00f3 que los pacientes con diagn\u00f3stico &#8220;normal&#8221; eran quienes m\u00e1s consum\u00edan este tipo de medicaci\u00f3n.<\/p>\n<p><img loading=\"lazy\" decoding=\"async\" class=\"alignnone wp-image-286135 \" src=\"https:\/\/www.eyecos.eu\/wp-content\/uploads\/2024\/02\/eyecos-8.jpg\" alt=\"\" width=\"680\" height=\"470\" srcset=\"https:\/\/eyecos.eu\/wp-content\/uploads\/2024\/02\/eyecos-8.jpg 1055w, https:\/\/eyecos.eu\/wp-content\/uploads\/2024\/02\/eyecos-8-300x207.jpg 300w, https:\/\/eyecos.eu\/wp-content\/uploads\/2024\/02\/eyecos-8-600x415.jpg 600w, https:\/\/eyecos.eu\/wp-content\/uploads\/2024\/02\/eyecos-8-1024x708.jpg 1024w, https:\/\/eyecos.eu\/wp-content\/uploads\/2024\/02\/eyecos-8-768x531.jpg 768w\" sizes=\"(max-width: 680px) 100vw, 680px\" \/><\/p>\n<p>Es importante mencionar que solo un peque\u00f1o n\u00famero de pacientes ten\u00eda <strong>antecedentes familiares<\/strong> de trastornos mentales, lo que sugiere que la mayor\u00eda de los participantes provienen de familias sin este tipo de historial.<\/p>\n<p><img loading=\"lazy\" decoding=\"async\" class=\"alignnone wp-image-286141 \" src=\"https:\/\/www.eyecos.eu\/wp-content\/uploads\/2024\/02\/eyecos-9-1024x556.jpg\" alt=\"\" width=\"627\" height=\"340\" srcset=\"https:\/\/eyecos.eu\/wp-content\/uploads\/2024\/02\/eyecos-9-1024x556.jpg 1024w, https:\/\/eyecos.eu\/wp-content\/uploads\/2024\/02\/eyecos-9-300x163.jpg 300w, https:\/\/eyecos.eu\/wp-content\/uploads\/2024\/02\/eyecos-9-600x326.jpg 600w, https:\/\/eyecos.eu\/wp-content\/uploads\/2024\/02\/eyecos-9-768x417.jpg 768w, https:\/\/eyecos.eu\/wp-content\/uploads\/2024\/02\/eyecos-9.jpg 1242w\" sizes=\"(max-width: 627px) 100vw, 627px\" \/><\/p>\n<p>En conclusi\u00f3n, los resultados de nuestros estudios psicol\u00f3gicos y an\u00e1lisis de datos respaldan un protocolo s<strong>eguro y eficaz<\/strong> en Eyecos para iniciar el <strong>cambio de color de ojos con l\u00e1ser<\/strong>. La mayor\u00eda de nuestros pacientes muestran una <strong>disposici\u00f3n psicol\u00f3gica favorable<\/strong> y una <strong>baja incidencia de problemas de salud mental<\/strong> asociados con los procedimientos. Adem\u00e1s, observamos una tendencia hacia una reducci\u00f3n en los diagn\u00f3sticos de dismorfobia, mientras que aumenta la proporci\u00f3n de pacientes con un estado psicol\u00f3gico &#8220;normal&#8221;. Estos hallazgos sugieren que nuestros procedimientos no solo satisfacen est\u00e9ticamente a nuestros pacientes, sino que tambi\u00e9n pueden tener un <strong>impacto positivo en su bienestar psicol\u00f3gico<\/strong>.<\/p>\n<p>Es esencial continuar monitoreando y adaptando nuestros protocolos para asegurar la salud mental y emocional de nuestros clientes en todo momento. Los pacientes demuestran una <strong>actitud reflexiva<\/strong> al buscar una s\u00f3lida base de conocimientos antes de tomar decisiones relacionadas con su tratamiento, lo cual es fundamental para nosotros en Eyecos.<\/p>\n<p>Estos <strong>resultados<\/strong> validan la filosof\u00eda \u00e9tica de Eyecos: no promovemos decisiones impulsivas o irreflexivas, y proporcionamos toda la documentaci\u00f3n necesaria con total transparencia, ofreciendo una comunicaci\u00f3n directa con el especialista en el tratamiento para cambiar de color los ojos, el doctor Grimaldos. Nos comprometemos a brindar un enfoque cuidadoso y responsable para garantizar que nuestros pacientes tomen decisiones informadas y cuenten con el respaldo necesario durante todo su proceso de tratamiento.<\/p>\n","protected":false},"excerpt":{"rendered":"<p>En Eyecos, nos enorgullece nuestra trayectoria desde 2012, liderando el cambio de color de ojos con una tecnolog\u00eda segura y efectiva en el sector. Para garantizar la idoneidad de nuestros tratamientos, realizamos exhaustivos chequeos previos, incluyendo evaluaciones psicol\u00f3gicas, para descartar posibles contraindicaciones. En julio de 2023, llevamos a cabo un estudio psicol\u00f3gico que arroj\u00f3 resultados [&hellip;]<\/p>\n","protected":false},"author":2,"featured_media":299904,"comment_status":"closed","ping_status":"closed","sticky":false,"template":"","format":"standard","meta":{"footnotes":""},"categories":[119,122],"tags":[124,125,126,127],"class_list":["post-299903","post","type-post","status-publish","format-standard","has-post-thumbnail","hentry","category-eye-color-change","category-news","tag-clientes","tag-pacientes","tag-psicologia","tag-seguridad"],"yoast_head":"<!-- This site is optimized with the Yoast SEO Premium plugin v27.4 (Yoast SEO v27.4) - https:\/\/yoast.com\/product\/yoast-seo-premium-wordpress\/ -->\n<title>Garantizando la seguridad y bienestar en Eyecos: seguimiento psicol\u00f3gico de nuestros pacientes - Cl\u00ednica Eyecos - Cambio color de ojos<\/title>\n<meta name=\"robots\" content=\"index, follow, max-snippet:-1, max-image-preview:large, max-video-preview:-1\" \/>\n<link rel=\"canonical\" href=\"https:\/\/eyecos.eu\/en\/2024\/02\/22\/garantizando-la-seguridad-y-bienestar-en-eyecos-seguimiento-psicologico-de-nuestros-pacientes\/\" \/>\n<meta property=\"og:locale\" content=\"en_US\" \/>\n<meta property=\"og:type\" content=\"article\" \/>\n<meta property=\"og:title\" content=\"Garantizando la seguridad y bienestar en Eyecos: seguimiento psicol\u00f3gico de nuestros pacientes\" \/>\n<meta property=\"og:description\" content=\"En Eyecos, nos enorgullece nuestra trayectoria desde 2012, liderando el cambio de color de ojos con una tecnolog\u00eda segura y efectiva en el sector. Para garantizar la idoneidad de nuestros tratamientos, realizamos exhaustivos chequeos previos, incluyendo evaluaciones psicol\u00f3gicas, para descartar posibles contraindicaciones. En julio de 2023, llevamos a cabo un estudio psicol\u00f3gico que arroj\u00f3 resultados [&hellip;]\" \/>\n<meta property=\"og:url\" content=\"https:\/\/eyecos.eu\/en\/2024\/02\/22\/garantizando-la-seguridad-y-bienestar-en-eyecos-seguimiento-psicologico-de-nuestros-pacientes\/\" \/>\n<meta property=\"og:site_name\" content=\"Cl\u00ednica Eyecos - Cambio color de ojos\" \/>\n<meta property=\"article:publisher\" content=\"https:\/\/www.facebook.com\/neweyeslaser\" \/>\n<meta property=\"article:published_time\" content=\"2024-02-22T14:19:17+00:00\" \/>\n<meta property=\"og:image\" content=\"https:\/\/eyecos.eu\/wp-content\/uploads\/2024\/02\/eyecos-1.jpg\" \/>\n\t<meta property=\"og:image:width\" content=\"795\" \/>\n\t<meta property=\"og:image:height\" content=\"482\" \/>\n\t<meta property=\"og:image:type\" content=\"image\/jpeg\" \/>\n<meta name=\"author\" content=\"coordinatormedia@eyecos.eu\" \/>\n<meta name=\"twitter:card\" content=\"summary_large_image\" \/>\n<meta name=\"twitter:creator\" content=\"@NewEyesLaser\" \/>\n<meta name=\"twitter:site\" content=\"@NewEyesLaser\" \/>\n<meta name=\"twitter:label1\" content=\"Written by\" \/>\n\t<meta name=\"twitter:data1\" content=\"coordinatormedia@eyecos.eu\" \/>\n\t<meta name=\"twitter:label2\" content=\"Est. reading time\" \/>\n\t<meta name=\"twitter:data2\" content=\"4 minutes\" \/>\n<script type=\"application\/ld+json\" class=\"yoast-schema-graph\">{\"@context\":\"https:\\\/\\\/schema.org\",\"@graph\":[{\"@type\":\"Article\",\"@id\":\"https:\\\/\\\/eyecos.eu\\\/en\\\/2024\\\/02\\\/22\\\/garantizando-la-seguridad-y-bienestar-en-eyecos-seguimiento-psicologico-de-nuestros-pacientes\\\/#article\",\"isPartOf\":{\"@id\":\"https:\\\/\\\/eyecos.eu\\\/en\\\/2024\\\/02\\\/22\\\/garantizando-la-seguridad-y-bienestar-en-eyecos-seguimiento-psicologico-de-nuestros-pacientes\\\/\"},\"author\":{\"name\":\"coordinatormedia@eyecos.eu\",\"@id\":\"https:\\\/\\\/eyecos.eu\\\/#\\\/schema\\\/person\\\/f20173e41b5c919346ab693d757ea605\"},\"headline\":\"Garantizando la seguridad y bienestar en Eyecos: seguimiento psicol\u00f3gico de nuestros pacientes\",\"datePublished\":\"2024-02-22T14:19:17+00:00\",\"mainEntityOfPage\":{\"@id\":\"https:\\\/\\\/eyecos.eu\\\/en\\\/2024\\\/02\\\/22\\\/garantizando-la-seguridad-y-bienestar-en-eyecos-seguimiento-psicologico-de-nuestros-pacientes\\\/\"},\"wordCount\":765,\"publisher\":{\"@id\":\"https:\\\/\\\/eyecos.eu\\\/#organization\"},\"image\":{\"@id\":\"https:\\\/\\\/eyecos.eu\\\/en\\\/2024\\\/02\\\/22\\\/garantizando-la-seguridad-y-bienestar-en-eyecos-seguimiento-psicologico-de-nuestros-pacientes\\\/#primaryimage\"},\"thumbnailUrl\":\"https:\\\/\\\/eyecos.eu\\\/wp-content\\\/uploads\\\/2024\\\/02\\\/apolare-tyron.jpg\",\"keywords\":[\"Clientes\",\"Pacientes\",\"Psicolog\u00eda\",\"Seguridad\"],\"articleSection\":[\"eye color change\",\"News\"],\"inLanguage\":\"en-US\"},{\"@type\":\"WebPage\",\"@id\":\"https:\\\/\\\/eyecos.eu\\\/en\\\/2024\\\/02\\\/22\\\/garantizando-la-seguridad-y-bienestar-en-eyecos-seguimiento-psicologico-de-nuestros-pacientes\\\/\",\"url\":\"https:\\\/\\\/eyecos.eu\\\/en\\\/2024\\\/02\\\/22\\\/garantizando-la-seguridad-y-bienestar-en-eyecos-seguimiento-psicologico-de-nuestros-pacientes\\\/\",\"name\":\"Garantizando la seguridad y bienestar en Eyecos: seguimiento psicol\u00f3gico de nuestros pacientes - Cl\u00ednica Eyecos - Cambio color de ojos\",\"isPartOf\":{\"@id\":\"https:\\\/\\\/eyecos.eu\\\/#website\"},\"primaryImageOfPage\":{\"@id\":\"https:\\\/\\\/eyecos.eu\\\/en\\\/2024\\\/02\\\/22\\\/garantizando-la-seguridad-y-bienestar-en-eyecos-seguimiento-psicologico-de-nuestros-pacientes\\\/#primaryimage\"},\"image\":{\"@id\":\"https:\\\/\\\/eyecos.eu\\\/en\\\/2024\\\/02\\\/22\\\/garantizando-la-seguridad-y-bienestar-en-eyecos-seguimiento-psicologico-de-nuestros-pacientes\\\/#primaryimage\"},\"thumbnailUrl\":\"https:\\\/\\\/eyecos.eu\\\/wp-content\\\/uploads\\\/2024\\\/02\\\/apolare-tyron.jpg\",\"datePublished\":\"2024-02-22T14:19:17+00:00\",\"breadcrumb\":{\"@id\":\"https:\\\/\\\/eyecos.eu\\\/en\\\/2024\\\/02\\\/22\\\/garantizando-la-seguridad-y-bienestar-en-eyecos-seguimiento-psicologico-de-nuestros-pacientes\\\/#breadcrumb\"},\"inLanguage\":\"en-US\",\"potentialAction\":[{\"@type\":\"ReadAction\",\"target\":[\"https:\\\/\\\/eyecos.eu\\\/en\\\/2024\\\/02\\\/22\\\/garantizando-la-seguridad-y-bienestar-en-eyecos-seguimiento-psicologico-de-nuestros-pacientes\\\/\"]}]},{\"@type\":\"ImageObject\",\"inLanguage\":\"en-US\",\"@id\":\"https:\\\/\\\/eyecos.eu\\\/en\\\/2024\\\/02\\\/22\\\/garantizando-la-seguridad-y-bienestar-en-eyecos-seguimiento-psicologico-de-nuestros-pacientes\\\/#primaryimage\",\"url\":\"https:\\\/\\\/eyecos.eu\\\/wp-content\\\/uploads\\\/2024\\\/02\\\/apolare-tyron.jpg\",\"contentUrl\":\"https:\\\/\\\/eyecos.eu\\\/wp-content\\\/uploads\\\/2024\\\/02\\\/apolare-tyron.jpg\",\"width\":1440,\"height\":490},{\"@type\":\"BreadcrumbList\",\"@id\":\"https:\\\/\\\/eyecos.eu\\\/en\\\/2024\\\/02\\\/22\\\/garantizando-la-seguridad-y-bienestar-en-eyecos-seguimiento-psicologico-de-nuestros-pacientes\\\/#breadcrumb\",\"itemListElement\":[{\"@type\":\"ListItem\",\"position\":1,\"name\":\"Home\",\"item\":\"https:\\\/\\\/eyecos.eu\\\/en\\\/\"},{\"@type\":\"ListItem\",\"position\":2,\"name\":\"Garantizando la seguridad y bienestar en Eyecos: seguimiento psicol\u00f3gico de nuestros pacientes\"}]},{\"@type\":\"WebSite\",\"@id\":\"https:\\\/\\\/eyecos.eu\\\/#website\",\"url\":\"https:\\\/\\\/eyecos.eu\\\/\",\"name\":\"Cl\u00ednica Eyecos - Cambio color de ojos\",\"description\":\"\u00danica clinica que realiza el cambio del color de los ojos con l\u00e1ser con m\u00e1s 1000 pacientes y casi 10 a\u00f1os de experiencia\",\"publisher\":{\"@id\":\"https:\\\/\\\/eyecos.eu\\\/#organization\"},\"potentialAction\":[{\"@type\":\"SearchAction\",\"target\":{\"@type\":\"EntryPoint\",\"urlTemplate\":\"https:\\\/\\\/eyecos.eu\\\/?s={search_term_string}\"},\"query-input\":{\"@type\":\"PropertyValueSpecification\",\"valueRequired\":true,\"valueName\":\"search_term_string\"}}],\"inLanguage\":\"en-US\"},{\"@type\":\"Organization\",\"@id\":\"https:\\\/\\\/eyecos.eu\\\/#organization\",\"name\":\"Cl\u00ednica Eyecos - Cambio color de ojos\",\"url\":\"https:\\\/\\\/eyecos.eu\\\/\",\"logo\":{\"@type\":\"ImageObject\",\"inLanguage\":\"en-US\",\"@id\":\"https:\\\/\\\/eyecos.eu\\\/#\\\/schema\\\/logo\\\/image\\\/\",\"url\":\"https:\\\/\\\/eyecos.eu\\\/wp-content\\\/uploads\\\/2026\\\/03\\\/LOGO-EYECOS.png\",\"contentUrl\":\"https:\\\/\\\/eyecos.eu\\\/wp-content\\\/uploads\\\/2026\\\/03\\\/LOGO-EYECOS.png\",\"width\":480,\"height\":480,\"caption\":\"Cl\u00ednica Eyecos - Cambio color de ojos\"},\"image\":{\"@id\":\"https:\\\/\\\/eyecos.eu\\\/#\\\/schema\\\/logo\\\/image\\\/\"},\"sameAs\":[\"https:\\\/\\\/www.facebook.com\\\/neweyeslaser\",\"https:\\\/\\\/x.com\\\/NewEyesLaser\",\"https:\\\/\\\/www.instagram.com\\\/neweyeslaser\\\/\",\"https:\\\/\\\/www.youtube.com\\\/channel\\\/UCEP1SxNwkXaEJ7b47xm7jSg\",\"https:\\\/\\\/www.tiktok.com\\\/@eyecosclinic\",\"https:\\\/\\\/www.linkedin.com\\\/company\\\/clinica-eyecos\\\/posts\\\/?feedView=all\"],\"description\":\"Eyecos se destaca como la cl\u00ednica pionera a nivel mundial en realizar el cambio de color de los ojos mediante iridoplastia l\u00e1ser y con una tecnolog\u00eda \u00fanica, dise\u00f1ada y patentada por el Doctor Pedro Grimaldos. Lo que nos diferencia de otras cl\u00ednicas de cambio de color de ojos es que empleamos la tecnolog\u00eda m\u00e1s avanzada y segura en el mundo, lo que nos consolida como referentes en el desarrollo e investigaci\u00f3n para el cambio de color de ojos.\",\"email\":\"info@eyecos.eu\",\"telephone\":\"+34 938 10 22 50\",\"legalName\":\"NEWEYES TECH, SL\",\"vatID\":\"B67266148\",\"numberOfEmployees\":{\"@type\":\"QuantitativeValue\",\"minValue\":\"11\",\"maxValue\":\"50\"}},{\"@type\":\"Person\",\"@id\":\"https:\\\/\\\/eyecos.eu\\\/#\\\/schema\\\/person\\\/f20173e41b5c919346ab693d757ea605\",\"name\":\"coordinatormedia@eyecos.eu\",\"image\":{\"@type\":\"ImageObject\",\"inLanguage\":\"en-US\",\"@id\":\"https:\\\/\\\/secure.gravatar.com\\\/avatar\\\/af63533680aa934fdd5471eb5b164d24a28d6ddaec95a130ab82a9c442c8d48d?s=96&d=mm&r=g\",\"url\":\"https:\\\/\\\/secure.gravatar.com\\\/avatar\\\/af63533680aa934fdd5471eb5b164d24a28d6ddaec95a130ab82a9c442c8d48d?s=96&d=mm&r=g\",\"contentUrl\":\"https:\\\/\\\/secure.gravatar.com\\\/avatar\\\/af63533680aa934fdd5471eb5b164d24a28d6ddaec95a130ab82a9c442c8d48d?s=96&d=mm&r=g\",\"caption\":\"coordinatormedia@eyecos.eu\"},\"url\":\"https:\\\/\\\/eyecos.eu\\\/en\\\/author\\\/coordinatormediaeyecos-eu\\\/\"}]}<\/script>\n<!-- \/ Yoast SEO Premium plugin. -->","yoast_head_json":{"title":"Garantizando la seguridad y bienestar en Eyecos: seguimiento psicol\u00f3gico de nuestros pacientes - Cl\u00ednica Eyecos - Cambio color de ojos","robots":{"index":"index","follow":"follow","max-snippet":"max-snippet:-1","max-image-preview":"max-image-preview:large","max-video-preview":"max-video-preview:-1"},"canonical":"https:\/\/eyecos.eu\/en\/2024\/02\/22\/garantizando-la-seguridad-y-bienestar-en-eyecos-seguimiento-psicologico-de-nuestros-pacientes\/","og_locale":"en_US","og_type":"article","og_title":"Garantizando la seguridad y bienestar en Eyecos: seguimiento psicol\u00f3gico de nuestros pacientes","og_description":"En Eyecos, nos enorgullece nuestra trayectoria desde 2012, liderando el cambio de color de ojos con una tecnolog\u00eda segura y efectiva en el sector. Para garantizar la idoneidad de nuestros tratamientos, realizamos exhaustivos chequeos previos, incluyendo evaluaciones psicol\u00f3gicas, para descartar posibles contraindicaciones. En julio de 2023, llevamos a cabo un estudio psicol\u00f3gico que arroj\u00f3 resultados [&hellip;]","og_url":"https:\/\/eyecos.eu\/en\/2024\/02\/22\/garantizando-la-seguridad-y-bienestar-en-eyecos-seguimiento-psicologico-de-nuestros-pacientes\/","og_site_name":"Cl\u00ednica Eyecos - Cambio color de ojos","article_publisher":"https:\/\/www.facebook.com\/neweyeslaser","article_published_time":"2024-02-22T14:19:17+00:00","og_image":[{"width":795,"height":482,"url":"https:\/\/eyecos.eu\/wp-content\/uploads\/2024\/02\/eyecos-1.jpg","type":"image\/jpeg"}],"author":"coordinatormedia@eyecos.eu","twitter_card":"summary_large_image","twitter_creator":"@NewEyesLaser","twitter_site":"@NewEyesLaser","twitter_misc":{"Written by":"coordinatormedia@eyecos.eu","Est. reading time":"4 minutes"},"schema":{"@context":"https:\/\/schema.org","@graph":[{"@type":"Article","@id":"https:\/\/eyecos.eu\/en\/2024\/02\/22\/garantizando-la-seguridad-y-bienestar-en-eyecos-seguimiento-psicologico-de-nuestros-pacientes\/#article","isPartOf":{"@id":"https:\/\/eyecos.eu\/en\/2024\/02\/22\/garantizando-la-seguridad-y-bienestar-en-eyecos-seguimiento-psicologico-de-nuestros-pacientes\/"},"author":{"name":"coordinatormedia@eyecos.eu","@id":"https:\/\/eyecos.eu\/#\/schema\/person\/f20173e41b5c919346ab693d757ea605"},"headline":"Garantizando la seguridad y bienestar en Eyecos: seguimiento psicol\u00f3gico de nuestros pacientes","datePublished":"2024-02-22T14:19:17+00:00","mainEntityOfPage":{"@id":"https:\/\/eyecos.eu\/en\/2024\/02\/22\/garantizando-la-seguridad-y-bienestar-en-eyecos-seguimiento-psicologico-de-nuestros-pacientes\/"},"wordCount":765,"publisher":{"@id":"https:\/\/eyecos.eu\/#organization"},"image":{"@id":"https:\/\/eyecos.eu\/en\/2024\/02\/22\/garantizando-la-seguridad-y-bienestar-en-eyecos-seguimiento-psicologico-de-nuestros-pacientes\/#primaryimage"},"thumbnailUrl":"https:\/\/eyecos.eu\/wp-content\/uploads\/2024\/02\/apolare-tyron.jpg","keywords":["Clientes","Pacientes","Psicolog\u00eda","Seguridad"],"articleSection":["eye color change","News"],"inLanguage":"en-US"},{"@type":"WebPage","@id":"https:\/\/eyecos.eu\/en\/2024\/02\/22\/garantizando-la-seguridad-y-bienestar-en-eyecos-seguimiento-psicologico-de-nuestros-pacientes\/","url":"https:\/\/eyecos.eu\/en\/2024\/02\/22\/garantizando-la-seguridad-y-bienestar-en-eyecos-seguimiento-psicologico-de-nuestros-pacientes\/","name":"Garantizando la seguridad y bienestar en Eyecos: seguimiento psicol\u00f3gico de nuestros pacientes - Cl\u00ednica Eyecos - Cambio color de ojos","isPartOf":{"@id":"https:\/\/eyecos.eu\/#website"},"primaryImageOfPage":{"@id":"https:\/\/eyecos.eu\/en\/2024\/02\/22\/garantizando-la-seguridad-y-bienestar-en-eyecos-seguimiento-psicologico-de-nuestros-pacientes\/#primaryimage"},"image":{"@id":"https:\/\/eyecos.eu\/en\/2024\/02\/22\/garantizando-la-seguridad-y-bienestar-en-eyecos-seguimiento-psicologico-de-nuestros-pacientes\/#primaryimage"},"thumbnailUrl":"https:\/\/eyecos.eu\/wp-content\/uploads\/2024\/02\/apolare-tyron.jpg","datePublished":"2024-02-22T14:19:17+00:00","breadcrumb":{"@id":"https:\/\/eyecos.eu\/en\/2024\/02\/22\/garantizando-la-seguridad-y-bienestar-en-eyecos-seguimiento-psicologico-de-nuestros-pacientes\/#breadcrumb"},"inLanguage":"en-US","potentialAction":[{"@type":"ReadAction","target":["https:\/\/eyecos.eu\/en\/2024\/02\/22\/garantizando-la-seguridad-y-bienestar-en-eyecos-seguimiento-psicologico-de-nuestros-pacientes\/"]}]},{"@type":"ImageObject","inLanguage":"en-US","@id":"https:\/\/eyecos.eu\/en\/2024\/02\/22\/garantizando-la-seguridad-y-bienestar-en-eyecos-seguimiento-psicologico-de-nuestros-pacientes\/#primaryimage","url":"https:\/\/eyecos.eu\/wp-content\/uploads\/2024\/02\/apolare-tyron.jpg","contentUrl":"https:\/\/eyecos.eu\/wp-content\/uploads\/2024\/02\/apolare-tyron.jpg","width":1440,"height":490},{"@type":"BreadcrumbList","@id":"https:\/\/eyecos.eu\/en\/2024\/02\/22\/garantizando-la-seguridad-y-bienestar-en-eyecos-seguimiento-psicologico-de-nuestros-pacientes\/#breadcrumb","itemListElement":[{"@type":"ListItem","position":1,"name":"Home","item":"https:\/\/eyecos.eu\/en\/"},{"@type":"ListItem","position":2,"name":"Garantizando la seguridad y bienestar en Eyecos: seguimiento psicol\u00f3gico de nuestros pacientes"}]},{"@type":"WebSite","@id":"https:\/\/eyecos.eu\/#website","url":"https:\/\/eyecos.eu\/","name":"Cl\u00ednica Eyecos - Cambio color de ojos","description":"\u00danica clinica que realiza el cambio del color de los ojos con l\u00e1ser con m\u00e1s 1000 pacientes y casi 10 a\u00f1os de experiencia","publisher":{"@id":"https:\/\/eyecos.eu\/#organization"},"potentialAction":[{"@type":"SearchAction","target":{"@type":"EntryPoint","urlTemplate":"https:\/\/eyecos.eu\/?s={search_term_string}"},"query-input":{"@type":"PropertyValueSpecification","valueRequired":true,"valueName":"search_term_string"}}],"inLanguage":"en-US"},{"@type":"Organization","@id":"https:\/\/eyecos.eu\/#organization","name":"Cl\u00ednica Eyecos - Cambio color de ojos","url":"https:\/\/eyecos.eu\/","logo":{"@type":"ImageObject","inLanguage":"en-US","@id":"https:\/\/eyecos.eu\/#\/schema\/logo\/image\/","url":"https:\/\/eyecos.eu\/wp-content\/uploads\/2026\/03\/LOGO-EYECOS.png","contentUrl":"https:\/\/eyecos.eu\/wp-content\/uploads\/2026\/03\/LOGO-EYECOS.png","width":480,"height":480,"caption":"Cl\u00ednica Eyecos - Cambio color de ojos"},"image":{"@id":"https:\/\/eyecos.eu\/#\/schema\/logo\/image\/"},"sameAs":["https:\/\/www.facebook.com\/neweyeslaser","https:\/\/x.com\/NewEyesLaser","https:\/\/www.instagram.com\/neweyeslaser\/","https:\/\/www.youtube.com\/channel\/UCEP1SxNwkXaEJ7b47xm7jSg","https:\/\/www.tiktok.com\/@eyecosclinic","https:\/\/www.linkedin.com\/company\/clinica-eyecos\/posts\/?feedView=all"],"description":"Eyecos se destaca como la cl\u00ednica pionera a nivel mundial en realizar el cambio de color de los ojos mediante iridoplastia l\u00e1ser y con una tecnolog\u00eda \u00fanica, dise\u00f1ada y patentada por el Doctor Pedro Grimaldos. Lo que nos diferencia de otras cl\u00ednicas de cambio de color de ojos es que empleamos la tecnolog\u00eda m\u00e1s avanzada y segura en el mundo, lo que nos consolida como referentes en el desarrollo e investigaci\u00f3n para el cambio de color de ojos.","email":"info@eyecos.eu","telephone":"+34 938 10 22 50","legalName":"NEWEYES TECH, SL","vatID":"B67266148","numberOfEmployees":{"@type":"QuantitativeValue","minValue":"11","maxValue":"50"}},{"@type":"Person","@id":"https:\/\/eyecos.eu\/#\/schema\/person\/f20173e41b5c919346ab693d757ea605","name":"coordinatormedia@eyecos.eu","image":{"@type":"ImageObject","inLanguage":"en-US","@id":"https:\/\/secure.gravatar.com\/avatar\/af63533680aa934fdd5471eb5b164d24a28d6ddaec95a130ab82a9c442c8d48d?s=96&d=mm&r=g","url":"https:\/\/secure.gravatar.com\/avatar\/af63533680aa934fdd5471eb5b164d24a28d6ddaec95a130ab82a9c442c8d48d?s=96&d=mm&r=g","contentUrl":"https:\/\/secure.gravatar.com\/avatar\/af63533680aa934fdd5471eb5b164d24a28d6ddaec95a130ab82a9c442c8d48d?s=96&d=mm&r=g","caption":"coordinatormedia@eyecos.eu"},"url":"https:\/\/eyecos.eu\/en\/author\/coordinatormediaeyecos-eu\/"}]}},"_links":{"self":[{"href":"https:\/\/eyecos.eu\/en\/wp-json\/wp\/v2\/posts\/299903","targetHints":{"allow":["GET"]}}],"collection":[{"href":"https:\/\/eyecos.eu\/en\/wp-json\/wp\/v2\/posts"}],"about":[{"href":"https:\/\/eyecos.eu\/en\/wp-json\/wp\/v2\/types\/post"}],"author":[{"embeddable":true,"href":"https:\/\/eyecos.eu\/en\/wp-json\/wp\/v2\/users\/2"}],"replies":[{"embeddable":true,"href":"https:\/\/eyecos.eu\/en\/wp-json\/wp\/v2\/comments?post=299903"}],"version-history":[{"count":0,"href":"https:\/\/eyecos.eu\/en\/wp-json\/wp\/v2\/posts\/299903\/revisions"}],"wp:featuredmedia":[{"embeddable":true,"href":"https:\/\/eyecos.eu\/en\/wp-json\/wp\/v2\/media\/299904"}],"wp:attachment":[{"href":"https:\/\/eyecos.eu\/en\/wp-json\/wp\/v2\/media?parent=299903"}],"wp:term":[{"taxonomy":"category","embeddable":true,"href":"https:\/\/eyecos.eu\/en\/wp-json\/wp\/v2\/categories?post=299903"},{"taxonomy":"post_tag","embeddable":true,"href":"https:\/\/eyecos.eu\/en\/wp-json\/wp\/v2\/tags?post=299903"}],"curies":[{"name":"wp","href":"https:\/\/api.w.org\/{rel}","templated":true}]}}