{"id":299900,"date":"2026-01-09T12:37:23","date_gmt":"2026-01-09T11:37:23","guid":{"rendered":"https:\/\/eyecos.eu\/2026\/01\/09\/1a-edicion-del-congreso-internacional-laser-ocular-barcelona-lob25\/"},"modified":"2026-04-19T18:38:09","modified_gmt":"2026-04-19T16:38:09","slug":"1a-edicion-del-congreso-internacional-laser-ocular-barcelona-lob25","status":"publish","type":"post","link":"https:\/\/eyecos.eu\/en\/2026\/01\/09\/1a-edicion-del-congreso-internacional-laser-ocular-barcelona-lob25\/","title":{"rendered":"1st Edition of the Barcelona International Eye Laser Congress \u2013 LOB\u201925\u00a0"},"content":{"rendered":"\t\t<div data-elementor-type=\"wp-post\" data-elementor-id=\"299900\" class=\"elementor elementor-299900 elementor-295925\" data-elementor-post-type=\"post\">\n\t\t\t\t<div class=\"elementor-element elementor-element-13580c5d e-flex e-con-boxed e-con e-parent\" data-id=\"13580c5d\" data-element_type=\"container\" data-e-type=\"container\">\n\t\t\t\t\t<div class=\"e-con-inner\">\n\t\t\t\t<div class=\"elementor-element elementor-element-5e0df97a elementor-widget elementor-widget-text-editor\" data-id=\"5e0df97a\" data-element_type=\"widget\" data-e-type=\"widget\" data-widget_type=\"text-editor.default\">\n\t\t\t\t\t\t\t\t\t<p><strong>The 1st edition of the Barcelona International Eye Laser Congress (LOB\u201925)<\/strong>\u00a0was held with great success on\u00a0<strong>November 7 of 2025<\/strong>, at the\u00a0<strong>L\u2019Illa Auditorium in Barcelona<\/strong>. This event brought together more than\u00a0<strong>50 speakers and professionals<\/strong>\u00a0from around the world to share knowledge, scientific advances, and innovative applications of laser technology in ophthalmology and oculofacial aesthetics.<\/p><p>During the congress,\u00a0<strong>advanced clinical protocols and real results<\/strong>\u00a0were presented in areas such as:<\/p><ul><li>Refractive laser and presbyopia treatment.<\/li><li>Cataract, glaucoma, and retinal and macular diseases surgery.<\/li><li>Innovations in cosmetic<strong>\u00a0iridoplasty and keratopigmentation<\/strong>.<\/li><li>Advances in\u00a0<strong>phototherapy, physical therapies, and new laser<\/strong>\u00a0platforms for ocular aesthetics.<\/li><li>Applications of<strong>\u00a0artificial intelligence in ophthalmology.<\/strong><\/li><\/ul><p>The event was also a meeting point for professional exchange and networking among specialists from different disciplines, consolidating itself as a highlight on the international calendar of modern ophthalmology and laser technology.<\/p><p>Thank you to all the attendees and speakers for making this first edition a reality! See you at\u00a0<strong>LOB\u201926.<\/strong><\/p>\t\t\t\t\t\t\t\t<\/div>\n\t\t\t\t\t<\/div>\n\t\t\t\t<\/div>\n\t\t<div class=\"elementor-element elementor-element-cd5feb9 e-flex e-con-boxed e-con e-parent\" data-id=\"cd5feb9\" data-element_type=\"container\" data-e-type=\"container\">\n\t\t\t\t\t<div class=\"e-con-inner\">\n\t\t\t\t<div class=\"elementor-element elementor-element-24a738e elementor-widget elementor-widget-gallery\" data-id=\"24a738e\" data-element_type=\"widget\" data-e-type=\"widget\" data-settings=\"{&quot;gallery_layout&quot;:&quot;justified&quot;,&quot;gap&quot;:{&quot;unit&quot;:&quot;px&quot;,&quot;size&quot;:5,&quot;sizes&quot;:[]},&quot;overlay_title&quot;:&quot;alt&quot;,&quot;overlay_description&quot;:&quot;alt&quot;,&quot;lazyload&quot;:&quot;yes&quot;,&quot;ideal_row_height&quot;:{&quot;unit&quot;:&quot;px&quot;,&quot;size&quot;:200,&quot;sizes&quot;:[]},&quot;ideal_row_height_tablet&quot;:{&quot;unit&quot;:&quot;px&quot;,&quot;size&quot;:150,&quot;sizes&quot;:[]},&quot;ideal_row_height_mobile&quot;:{&quot;unit&quot;:&quot;px&quot;,&quot;size&quot;:150,&quot;sizes&quot;:[]},&quot;gap_tablet&quot;:{&quot;unit&quot;:&quot;px&quot;,&quot;size&quot;:10,&quot;sizes&quot;:[]},&quot;gap_mobile&quot;:{&quot;unit&quot;:&quot;px&quot;,&quot;size&quot;:10,&quot;sizes&quot;:[]},&quot;link_to&quot;:&quot;file&quot;,&quot;overlay_background&quot;:&quot;yes&quot;,&quot;content_hover_animation&quot;:&quot;fade-in&quot;}\" data-widget_type=\"gallery.default\">\n\t\t\t\t\t\t\t<div class=\"elementor-gallery__container\">\n\t\t\t\t\t\t\t<a class=\"e-gallery-item elementor-gallery-item elementor-animated-content\" href=\"https:\/\/eyecos.eu\/wp-content\/uploads\/2026\/04\/clasificacion-grados-neweyes-clinica-eyecos.png\" data-elementor-open-lightbox=\"yes\" data-elementor-lightbox-slideshow=\"24a738e\" data-elementor-lightbox-title=\"clasificacion-grados-neweyes-clinica-eyecos.png\" data-e-action-hash=\"#elementor-action%3Aaction%3Dlightbox%26settings%3DeyJpZCI6Mjk3MTc1LCJ1cmwiOiJodHRwczpcL1wvZXllY29zLmV1XC93cC1jb250ZW50XC91cGxvYWRzXC8yMDI2XC8wNFwvY2xhc2lmaWNhY2lvbi1ncmFkb3MtbmV3ZXllcy1jbGluaWNhLWV5ZWNvcy5wbmciLCJzbGlkZXNob3ciOiIyNGE3MzhlIn0%3D\">\n\t\t\t\t\t<div class=\"e-gallery-image elementor-gallery-item__image\" data-thumbnail=\"https:\/\/eyecos.eu\/wp-content\/uploads\/2026\/04\/clasificacion-grados-neweyes-clinica-eyecos-212x300.png\" data-width=\"212\" data-height=\"300\" aria-label=\"\" role=\"img\" ><\/div>\n\t\t\t\t\t\t\t\t\t\t\t<div class=\"elementor-gallery-item__overlay\"><\/div>\n\t\t\t\t\t\t\t\t\t\t\t\t\t\t\t<div class=\"elementor-gallery-item__content\">\n\t\t\t\t\t\t\t\t\t\t\t<\/div>\n\t\t\t\t\t\t\t\t\t<\/a>\n\t\t\t\t\t\t\t<a class=\"e-gallery-item elementor-gallery-item elementor-animated-content\" href=\"https:\/\/eyecos.eu\/wp-content\/uploads\/2026\/04\/protocolo-eyecos.png\" data-elementor-open-lightbox=\"yes\" data-elementor-lightbox-slideshow=\"24a738e\" data-elementor-lightbox-title=\"protocolo-eyecos.png\" data-e-action-hash=\"#elementor-action%3Aaction%3Dlightbox%26settings%3DeyJpZCI6Mjk3MTgwLCJ1cmwiOiJodHRwczpcL1wvZXllY29zLmV1XC93cC1jb250ZW50XC91cGxvYWRzXC8yMDI2XC8wNFwvcHJvdG9jb2xvLWV5ZWNvcy5wbmciLCJzbGlkZXNob3ciOiIyNGE3MzhlIn0%3D\">\n\t\t\t\t\t<div class=\"e-gallery-image elementor-gallery-item__image\" data-thumbnail=\"https:\/\/eyecos.eu\/wp-content\/uploads\/2026\/04\/protocolo-eyecos-300x300.png\" data-width=\"300\" data-height=\"300\" aria-label=\"\" role=\"img\" ><\/div>\n\t\t\t\t\t\t\t\t\t\t\t<div class=\"elementor-gallery-item__overlay\"><\/div>\n\t\t\t\t\t\t\t\t\t\t\t\t\t\t\t<div class=\"elementor-gallery-item__content\">\n\t\t\t\t\t\t\t\t\t\t\t<\/div>\n\t\t\t\t\t\t\t\t\t<\/a>\n\t\t\t\t\t<\/div>\n\t\t\t\t\t<\/div>\n\t\t\t\t\t<\/div>\n\t\t\t\t<\/div>\n\t\t<div class=\"elementor-element elementor-element-1fc5a03 e-flex e-con-boxed e-con e-parent\" data-id=\"1fc5a03\" data-element_type=\"container\" data-e-type=\"container\">\n\t\t\t\t\t<div class=\"e-con-inner\">\n\t\t<div class=\"elementor-element elementor-element-e12c141 e-con-full e-flex e-con e-child\" data-id=\"e12c141\" data-element_type=\"container\" data-e-type=\"container\">\n\t\t\t\t<div class=\"elementor-element elementor-element-5aff8ce elementor-widget elementor-widget-video\" data-id=\"5aff8ce\" data-element_type=\"widget\" data-e-type=\"widget\" data-settings=\"{&quot;youtube_url&quot;:&quot;https:\\\/\\\/www.youtube.com\\\/watch?v=1AgMxo9SF7s&quot;,&quot;video_type&quot;:&quot;youtube&quot;,&quot;controls&quot;:&quot;yes&quot;}\" data-widget_type=\"video.default\">\n\t\t\t\t\t\t\t<div class=\"elementor-wrapper elementor-open-inline\">\n\t\t\t<div class=\"elementor-video\"><\/div>\t\t<\/div>\n\t\t\t\t\t\t<\/div>\n\t\t\t\t<\/div>\n\t\t<div class=\"elementor-element elementor-element-6f69632 e-con-full e-flex e-con e-child\" data-id=\"6f69632\" data-element_type=\"container\" data-e-type=\"container\">\n\t\t\t\t<div class=\"elementor-element elementor-element-b5f8ff8 elementor-widget elementor-widget-heading\" data-id=\"b5f8ff8\" data-element_type=\"widget\" data-e-type=\"widget\" data-widget_type=\"heading.default\">\n\t\t\t\t\t<h2 class=\"elementor-heading-title elementor-size-default\">Laser Ocular Barcelona<\/h2>\t\t\t\t<\/div>\n\t\t\t\t<div class=\"elementor-element elementor-element-0913780 elementor-widget elementor-widget-heading\" data-id=\"0913780\" data-element_type=\"widget\" data-e-type=\"widget\" data-widget_type=\"heading.default\">\n\t\t\t\t\t<h2 class=\"elementor-heading-title elementor-size-default\">Listas de reproducci\u00f3n Youtube<\/h2>\t\t\t\t<\/div>\n\t\t\t\t<div class=\"elementor-element elementor-element-eb5027c elementor-icon-list--layout-traditional elementor-list-item-link-full_width elementor-widget elementor-widget-icon-list\" data-id=\"eb5027c\" data-element_type=\"widget\" data-e-type=\"widget\" data-widget_type=\"icon-list.default\">\n\t\t\t\t\t\t\t<ul class=\"elementor-icon-list-items\">\n\t\t\t\t\t\t\t<li class=\"elementor-icon-list-item\">\n\t\t\t\t\t\t\t\t\t\t\t<a href=\"https:\/\/www.youtube.com\/watch?v=F_6UUgLteJY&#038;list=PLNgSRqgj2SpjA6gVE-N0OLIF8aazkZhpJ\" target=\"_blank\">\n\n\t\t\t\t\t\t\t\t\t\t\t\t<span class=\"elementor-icon-list-icon\">\n\t\t\t\t\t\t\t<svg aria-hidden=\"true\" class=\"e-font-icon-svg e-fab-youtube\" viewBox=\"0 0 576 512\" xmlns=\"http:\/\/www.w3.org\/2000\/svg\"><path d=\"M549.655 124.083c-6.281-23.65-24.787-42.276-48.284-48.597C458.781 64 288 64 288 64S117.22 64 74.629 75.486c-23.497 6.322-42.003 24.947-48.284 48.597-11.412 42.867-11.412 132.305-11.412 132.305s0 89.438 11.412 132.305c6.281 23.65 24.787 41.5 48.284 47.821C117.22 448 288 448 288 448s170.78 0 213.371-11.486c23.497-6.321 42.003-24.171 48.284-47.821 11.412-42.867 11.412-132.305 11.412-132.305s0-89.438-11.412-132.305zm-317.51 213.508V175.185l142.739 81.205-142.739 81.201z\"><\/path><\/svg>\t\t\t\t\t\t<\/span>\n\t\t\t\t\t\t\t\t\t\t<span class=\"elementor-icon-list-text\">01 GLAUCOMA - LOB2025 <\/span>\n\t\t\t\t\t\t\t\t\t\t\t<\/a>\n\t\t\t\t\t\t\t\t\t<\/li>\n\t\t\t\t\t\t\t\t<li class=\"elementor-icon-list-item\">\n\t\t\t\t\t\t\t\t\t\t\t<a href=\"https:\/\/www.youtube.com\/watch?v=PvkTDN0KQV8&#038;list=PLNgSRqgj2SpgKAibQ5LTE5NHSe-phfwGQ\" target=\"_blank\">\n\n\t\t\t\t\t\t\t\t\t\t\t\t<span class=\"elementor-icon-list-icon\">\n\t\t\t\t\t\t\t<svg aria-hidden=\"true\" class=\"e-font-icon-svg e-fab-youtube\" viewBox=\"0 0 576 512\" xmlns=\"http:\/\/www.w3.org\/2000\/svg\"><path d=\"M549.655 124.083c-6.281-23.65-24.787-42.276-48.284-48.597C458.781 64 288 64 288 64S117.22 64 74.629 75.486c-23.497 6.322-42.003 24.947-48.284 48.597-11.412 42.867-11.412 132.305-11.412 132.305s0 89.438 11.412 132.305c6.281 23.65 24.787 41.5 48.284 47.821C117.22 448 288 448 288 448s170.78 0 213.371-11.486c23.497-6.321 42.003-24.171 48.284-47.821 11.412-42.867 11.412-132.305 11.412-132.305s0-89.438-11.412-132.305zm-317.51 213.508V175.185l142.739 81.205-142.739 81.201z\"><\/path><\/svg>\t\t\t\t\t\t<\/span>\n\t\t\t\t\t\t\t\t\t\t<span class=\"elementor-icon-list-text\">02 CATARACT - LOB2025 <\/span>\n\t\t\t\t\t\t\t\t\t\t\t<\/a>\n\t\t\t\t\t\t\t\t\t<\/li>\n\t\t\t\t\t\t\t\t<li class=\"elementor-icon-list-item\">\n\t\t\t\t\t\t\t\t\t\t\t<a href=\"https:\/\/www.youtube.com\/watch?v=E5cdmb3IhEI&#038;list=PLNgSRqgj2SpgiA2DCimMAID3VkhHq-69P\" target=\"_blank\">\n\n\t\t\t\t\t\t\t\t\t\t\t\t<span class=\"elementor-icon-list-icon\">\n\t\t\t\t\t\t\t<svg aria-hidden=\"true\" class=\"e-font-icon-svg e-fab-youtube\" viewBox=\"0 0 576 512\" xmlns=\"http:\/\/www.w3.org\/2000\/svg\"><path d=\"M549.655 124.083c-6.281-23.65-24.787-42.276-48.284-48.597C458.781 64 288 64 288 64S117.22 64 74.629 75.486c-23.497 6.322-42.003 24.947-48.284 48.597-11.412 42.867-11.412 132.305-11.412 132.305s0 89.438 11.412 132.305c6.281 23.65 24.787 41.5 48.284 47.821C117.22 448 288 448 288 448s170.78 0 213.371-11.486c23.497-6.321 42.003-24.171 48.284-47.821 11.412-42.867 11.412-132.305 11.412-132.305s0-89.438-11.412-132.305zm-317.51 213.508V175.185l142.739 81.205-142.739 81.201z\"><\/path><\/svg>\t\t\t\t\t\t<\/span>\n\t\t\t\t\t\t\t\t\t\t<span class=\"elementor-icon-list-text\">03 RETINA - LOB2025 <\/span>\n\t\t\t\t\t\t\t\t\t\t\t<\/a>\n\t\t\t\t\t\t\t\t\t<\/li>\n\t\t\t\t\t\t\t\t<li class=\"elementor-icon-list-item\">\n\t\t\t\t\t\t\t\t\t\t\t<a href=\"https:\/\/www.youtube.com\/watch?v=yGlCdMTdmsk&#038;list=PLNgSRqgj2SpifaGLJ0UgUEPwiBarvAXoK\" target=\"_blank\">\n\n\t\t\t\t\t\t\t\t\t\t\t\t<span class=\"elementor-icon-list-icon\">\n\t\t\t\t\t\t\t<svg aria-hidden=\"true\" class=\"e-font-icon-svg e-fab-youtube\" viewBox=\"0 0 576 512\" xmlns=\"http:\/\/www.w3.org\/2000\/svg\"><path d=\"M549.655 124.083c-6.281-23.65-24.787-42.276-48.284-48.597C458.781 64 288 64 288 64S117.22 64 74.629 75.486c-23.497 6.322-42.003 24.947-48.284 48.597-11.412 42.867-11.412 132.305-11.412 132.305s0 89.438 11.412 132.305c6.281 23.65 24.787 41.5 48.284 47.821C117.22 448 288 448 288 448s170.78 0 213.371-11.486c23.497-6.321 42.003-24.171 48.284-47.821 11.412-42.867 11.412-132.305 11.412-132.305s0-89.438-11.412-132.305zm-317.51 213.508V175.185l142.739 81.205-142.739 81.201z\"><\/path><\/svg>\t\t\t\t\t\t<\/span>\n\t\t\t\t\t\t\t\t\t\t<span class=\"elementor-icon-list-text\">04 MACULAR - LOB2025 <\/span>\n\t\t\t\t\t\t\t\t\t\t\t<\/a>\n\t\t\t\t\t\t\t\t\t<\/li>\n\t\t\t\t\t\t\t\t<li class=\"elementor-icon-list-item\">\n\t\t\t\t\t\t\t\t\t\t\t<a href=\"https:\/\/www.youtube.com\/watch?v=uQs5Vhys2TE&#038;list=PLNgSRqgj2SpjmwuZ3oacpPngBT8PwEfNf\" target=\"_blank\">\n\n\t\t\t\t\t\t\t\t\t\t\t\t<span class=\"elementor-icon-list-icon\">\n\t\t\t\t\t\t\t<svg aria-hidden=\"true\" class=\"e-font-icon-svg e-fab-youtube\" viewBox=\"0 0 576 512\" xmlns=\"http:\/\/www.w3.org\/2000\/svg\"><path d=\"M549.655 124.083c-6.281-23.65-24.787-42.276-48.284-48.597C458.781 64 288 64 288 64S117.22 64 74.629 75.486c-23.497 6.322-42.003 24.947-48.284 48.597-11.412 42.867-11.412 132.305-11.412 132.305s0 89.438 11.412 132.305c6.281 23.65 24.787 41.5 48.284 47.821C117.22 448 288 448 288 448s170.78 0 213.371-11.486c23.497-6.321 42.003-24.171 48.284-47.821 11.412-42.867 11.412-132.305 11.412-132.305s0-89.438-11.412-132.305zm-317.51 213.508V175.185l142.739 81.205-142.739 81.201z\"><\/path><\/svg>\t\t\t\t\t\t<\/span>\n\t\t\t\t\t\t\t\t\t\t<span class=\"elementor-icon-list-text\">05 REFRACTIVE - LOB2025 <\/span>\n\t\t\t\t\t\t\t\t\t\t\t<\/a>\n\t\t\t\t\t\t\t\t\t<\/li>\n\t\t\t\t\t\t\t\t<li class=\"elementor-icon-list-item\">\n\t\t\t\t\t\t\t\t\t\t\t<a href=\"https:\/\/www.youtube.com\/watch?v=BA2DkB4pYZM&#038;list=PLNgSRqgj2Spj-hTI3Mx28b9now1DiSuES\" target=\"_blank\">\n\n\t\t\t\t\t\t\t\t\t\t\t\t<span class=\"elementor-icon-list-icon\">\n\t\t\t\t\t\t\t<svg aria-hidden=\"true\" class=\"e-font-icon-svg e-fab-youtube\" viewBox=\"0 0 576 512\" xmlns=\"http:\/\/www.w3.org\/2000\/svg\"><path d=\"M549.655 124.083c-6.281-23.65-24.787-42.276-48.284-48.597C458.781 64 288 64 288 64S117.22 64 74.629 75.486c-23.497 6.322-42.003 24.947-48.284 48.597-11.412 42.867-11.412 132.305-11.412 132.305s0 89.438 11.412 132.305c6.281 23.65 24.787 41.5 48.284 47.821C117.22 448 288 448 288 448s170.78 0 213.371-11.486c23.497-6.321 42.003-24.171 48.284-47.821 11.412-42.867 11.412-132.305 11.412-132.305s0-89.438-11.412-132.305zm-317.51 213.508V175.185l142.739 81.205-142.739 81.201z\"><\/path><\/svg>\t\t\t\t\t\t<\/span>\n\t\t\t\t\t\t\t\t\t\t<span class=\"elementor-icon-list-text\">06 presbicia - LOB2025 <\/span>\n\t\t\t\t\t\t\t\t\t\t\t<\/a>\n\t\t\t\t\t\t\t\t\t<\/li>\n\t\t\t\t\t\t\t\t<li class=\"elementor-icon-list-item\">\n\t\t\t\t\t\t\t\t\t\t\t<a href=\"https:\/\/www.youtube.com\/watch?v=gpoZiwgaqFY&#038;list=PLNgSRqgj2SpjShyPCdgvnWp_AGBLI3Rvd\" target=\"_blank\">\n\n\t\t\t\t\t\t\t\t\t\t\t\t<span class=\"elementor-icon-list-icon\">\n\t\t\t\t\t\t\t<svg aria-hidden=\"true\" class=\"e-font-icon-svg e-fab-youtube\" viewBox=\"0 0 576 512\" xmlns=\"http:\/\/www.w3.org\/2000\/svg\"><path d=\"M549.655 124.083c-6.281-23.65-24.787-42.276-48.284-48.597C458.781 64 288 64 288 64S117.22 64 74.629 75.486c-23.497 6.322-42.003 24.947-48.284 48.597-11.412 42.867-11.412 132.305-11.412 132.305s0 89.438 11.412 132.305c6.281 23.65 24.787 41.5 48.284 47.821C117.22 448 288 448 288 448s170.78 0 213.371-11.486c23.497-6.321 42.003-24.171 48.284-47.821 11.412-42.867 11.412-132.305 11.412-132.305s0-89.438-11.412-132.305zm-317.51 213.508V175.185l142.739 81.205-142.739 81.201z\"><\/path><\/svg>\t\t\t\t\t\t<\/span>\n\t\t\t\t\t\t\t\t\t\t<span class=\"elementor-icon-list-text\">07 keratopigmentation - LOB2025 <\/span>\n\t\t\t\t\t\t\t\t\t\t\t<\/a>\n\t\t\t\t\t\t\t\t\t<\/li>\n\t\t\t\t\t\t\t\t<li class=\"elementor-icon-list-item\">\n\t\t\t\t\t\t\t\t\t\t\t<a href=\"https:\/\/www.youtube.com\/watch?v=GeazD3R7Ga8&#038;list=PLNgSRqgj2SpiqAa18af_2ghZQmWjoVp2R\" target=\"_blank\">\n\n\t\t\t\t\t\t\t\t\t\t\t\t<span class=\"elementor-icon-list-icon\">\n\t\t\t\t\t\t\t<svg aria-hidden=\"true\" class=\"e-font-icon-svg e-fab-youtube\" viewBox=\"0 0 576 512\" xmlns=\"http:\/\/www.w3.org\/2000\/svg\"><path d=\"M549.655 124.083c-6.281-23.65-24.787-42.276-48.284-48.597C458.781 64 288 64 288 64S117.22 64 74.629 75.486c-23.497 6.322-42.003 24.947-48.284 48.597-11.412 42.867-11.412 132.305-11.412 132.305s0 89.438 11.412 132.305c6.281 23.65 24.787 41.5 48.284 47.821C117.22 448 288 448 288 448s170.78 0 213.371-11.486c23.497-6.321 42.003-24.171 48.284-47.821 11.412-42.867 11.412-132.305 11.412-132.305s0-89.438-11.412-132.305zm-317.51 213.508V175.185l142.739 81.205-142.739 81.201z\"><\/path><\/svg>\t\t\t\t\t\t<\/span>\n\t\t\t\t\t\t\t\t\t\t<span class=\"elementor-icon-list-text\">08 IRIDIOPLASTY - LOB2025 Facebook Twitter<\/span>\n\t\t\t\t\t\t\t\t\t\t\t<\/a>\n\t\t\t\t\t\t\t\t\t<\/li>\n\t\t\t\t\t\t<\/ul>\n\t\t\t\t\t\t<\/div>\n\t\t\t\t<\/div>\n\t\t\t\t\t<\/div>\n\t\t\t\t<\/div>\n\t\t\t\t<\/div>\n\t\t","protected":false},"excerpt":{"rendered":"<p>The 1st edition of the Barcelona International Eye Laser Congress (LOB\u201925)\u00a0was held with great success on\u00a0November 7 of 2025, at the\u00a0L\u2019Illa Auditorium in Barcelona. This event brought together more than\u00a050 speakers and professionals\u00a0from around the world to share knowledge, scientific advances, and innovative applications of laser technology in ophthalmology and oculofacial aesthetics. During the congress,\u00a0advanced [&hellip;]<\/p>\n","protected":false},"author":2,"featured_media":297867,"comment_status":"closed","ping_status":"closed","sticky":false,"template":"","format":"standard","meta":{"footnotes":""},"categories":[120,122],"tags":[],"class_list":["post-299900","post","type-post","status-publish","format-standard","has-post-thumbnail","hentry","category-congresses","category-news"],"yoast_head":"<!-- This site is optimized with the Yoast SEO Premium plugin v27.4 (Yoast SEO v27.4) - https:\/\/yoast.com\/product\/yoast-seo-premium-wordpress\/ -->\n<title>1st Edition of the Barcelona International Eye Laser Congress \u2013 LOB\u201925\u00a0 - Cl\u00ednica Eyecos - Cambio color de ojos<\/title>\n<meta name=\"description\" content=\"Primera edici\u00f3n de L\u00e1ser Ocular Barcelona que tendr\u00e1 lugar en la ciudad condal el 7-8 de Noviembre del 2025.\" \/>\n<meta name=\"robots\" content=\"index, follow, max-snippet:-1, max-image-preview:large, max-video-preview:-1\" \/>\n<link rel=\"canonical\" href=\"https:\/\/eyecos.eu\/en\/2026\/01\/09\/1a-edicion-del-congreso-internacional-laser-ocular-barcelona-lob25\/\" \/>\n<meta property=\"og:locale\" content=\"en_US\" \/>\n<meta property=\"og:type\" content=\"article\" \/>\n<meta property=\"og:title\" content=\"1st Edition of the Barcelona International Eye Laser Congress \u2013 LOB\u201925\u00a0\" \/>\n<meta property=\"og:description\" content=\"Primera edici\u00f3n de L\u00e1ser Ocular Barcelona que tendr\u00e1 lugar en la ciudad condal el 7-8 de Noviembre del 2025.\" \/>\n<meta property=\"og:url\" content=\"https:\/\/eyecos.eu\/en\/2026\/01\/09\/1a-edicion-del-congreso-internacional-laser-ocular-barcelona-lob25\/\" \/>\n<meta property=\"og:site_name\" content=\"Cl\u00ednica Eyecos - Cambio color de ojos\" \/>\n<meta property=\"article:publisher\" content=\"https:\/\/www.facebook.com\/neweyeslaser\" \/>\n<meta property=\"article:published_time\" content=\"2026-01-09T11:37:23+00:00\" \/>\n<meta property=\"article:modified_time\" content=\"2026-04-19T16:38:09+00:00\" \/>\n<meta property=\"og:image\" content=\"https:\/\/eyecos.eu\/wp-content\/uploads\/2025\/03\/congreso-ocular-barcelona.jpg\" \/>\n\t<meta property=\"og:image:width\" content=\"2232\" \/>\n\t<meta property=\"og:image:height\" content=\"1234\" \/>\n\t<meta property=\"og:image:type\" content=\"image\/jpeg\" \/>\n<meta name=\"author\" content=\"coordinatormedia@eyecos.eu\" \/>\n<meta name=\"twitter:card\" content=\"summary_large_image\" \/>\n<meta name=\"twitter:creator\" content=\"@NewEyesLaser\" \/>\n<meta name=\"twitter:site\" content=\"@NewEyesLaser\" \/>\n<meta name=\"twitter:label1\" content=\"Written by\" \/>\n\t<meta name=\"twitter:data1\" content=\"coordinatormedia@eyecos.eu\" \/>\n\t<meta name=\"twitter:label2\" content=\"Est. reading time\" \/>\n\t<meta name=\"twitter:data2\" content=\"1 minute\" \/>\n<script type=\"application\/ld+json\" class=\"yoast-schema-graph\">{\"@context\":\"https:\\\/\\\/schema.org\",\"@graph\":[{\"@type\":\"Article\",\"@id\":\"https:\\\/\\\/eyecos.eu\\\/en\\\/2026\\\/01\\\/09\\\/1a-edicion-del-congreso-internacional-laser-ocular-barcelona-lob25\\\/#article\",\"isPartOf\":{\"@id\":\"https:\\\/\\\/eyecos.eu\\\/en\\\/2026\\\/01\\\/09\\\/1a-edicion-del-congreso-internacional-laser-ocular-barcelona-lob25\\\/\"},\"author\":{\"name\":\"coordinatormedia@eyecos.eu\",\"@id\":\"https:\\\/\\\/eyecos.eu\\\/#\\\/schema\\\/person\\\/f20173e41b5c919346ab693d757ea605\"},\"headline\":\"1st Edition of the Barcelona International Eye Laser Congress \u2013 LOB\u201925\u00a0\",\"datePublished\":\"2026-01-09T11:37:23+00:00\",\"dateModified\":\"2026-04-19T16:38:09+00:00\",\"mainEntityOfPage\":{\"@id\":\"https:\\\/\\\/eyecos.eu\\\/en\\\/2026\\\/01\\\/09\\\/1a-edicion-del-congreso-internacional-laser-ocular-barcelona-lob25\\\/\"},\"wordCount\":211,\"publisher\":{\"@id\":\"https:\\\/\\\/eyecos.eu\\\/#organization\"},\"image\":{\"@id\":\"https:\\\/\\\/eyecos.eu\\\/en\\\/2026\\\/01\\\/09\\\/1a-edicion-del-congreso-internacional-laser-ocular-barcelona-lob25\\\/#primaryimage\"},\"thumbnailUrl\":\"https:\\\/\\\/eyecos.eu\\\/wp-content\\\/uploads\\\/2025\\\/03\\\/congreso-ocular-barcelona.jpg\",\"articleSection\":[\"Congresses\",\"News\"],\"inLanguage\":\"en-US\"},{\"@type\":\"WebPage\",\"@id\":\"https:\\\/\\\/eyecos.eu\\\/en\\\/2026\\\/01\\\/09\\\/1a-edicion-del-congreso-internacional-laser-ocular-barcelona-lob25\\\/\",\"url\":\"https:\\\/\\\/eyecos.eu\\\/en\\\/2026\\\/01\\\/09\\\/1a-edicion-del-congreso-internacional-laser-ocular-barcelona-lob25\\\/\",\"name\":\"1st Edition of the Barcelona International Eye Laser Congress \u2013 LOB\u201925\u00a0 - Cl\u00ednica Eyecos - Cambio color de ojos\",\"isPartOf\":{\"@id\":\"https:\\\/\\\/eyecos.eu\\\/#website\"},\"primaryImageOfPage\":{\"@id\":\"https:\\\/\\\/eyecos.eu\\\/en\\\/2026\\\/01\\\/09\\\/1a-edicion-del-congreso-internacional-laser-ocular-barcelona-lob25\\\/#primaryimage\"},\"image\":{\"@id\":\"https:\\\/\\\/eyecos.eu\\\/en\\\/2026\\\/01\\\/09\\\/1a-edicion-del-congreso-internacional-laser-ocular-barcelona-lob25\\\/#primaryimage\"},\"thumbnailUrl\":\"https:\\\/\\\/eyecos.eu\\\/wp-content\\\/uploads\\\/2025\\\/03\\\/congreso-ocular-barcelona.jpg\",\"datePublished\":\"2026-01-09T11:37:23+00:00\",\"dateModified\":\"2026-04-19T16:38:09+00:00\",\"description\":\"Primera edici\u00f3n de L\u00e1ser Ocular Barcelona que tendr\u00e1 lugar en la ciudad condal el 7-8 de Noviembre del 2025.\",\"breadcrumb\":{\"@id\":\"https:\\\/\\\/eyecos.eu\\\/en\\\/2026\\\/01\\\/09\\\/1a-edicion-del-congreso-internacional-laser-ocular-barcelona-lob25\\\/#breadcrumb\"},\"inLanguage\":\"en-US\",\"potentialAction\":[{\"@type\":\"ReadAction\",\"target\":[\"https:\\\/\\\/eyecos.eu\\\/en\\\/2026\\\/01\\\/09\\\/1a-edicion-del-congreso-internacional-laser-ocular-barcelona-lob25\\\/\"]}]},{\"@type\":\"ImageObject\",\"inLanguage\":\"en-US\",\"@id\":\"https:\\\/\\\/eyecos.eu\\\/en\\\/2026\\\/01\\\/09\\\/1a-edicion-del-congreso-internacional-laser-ocular-barcelona-lob25\\\/#primaryimage\",\"url\":\"https:\\\/\\\/eyecos.eu\\\/wp-content\\\/uploads\\\/2025\\\/03\\\/congreso-ocular-barcelona.jpg\",\"contentUrl\":\"https:\\\/\\\/eyecos.eu\\\/wp-content\\\/uploads\\\/2025\\\/03\\\/congreso-ocular-barcelona.jpg\",\"width\":2232,\"height\":1234},{\"@type\":\"BreadcrumbList\",\"@id\":\"https:\\\/\\\/eyecos.eu\\\/en\\\/2026\\\/01\\\/09\\\/1a-edicion-del-congreso-internacional-laser-ocular-barcelona-lob25\\\/#breadcrumb\",\"itemListElement\":[{\"@type\":\"ListItem\",\"position\":1,\"name\":\"Home\",\"item\":\"https:\\\/\\\/eyecos.eu\\\/en\\\/\"},{\"@type\":\"ListItem\",\"position\":2,\"name\":\"1st Edition of the Barcelona International Eye Laser Congress \u2013 LOB\u201925\u00a0\"}]},{\"@type\":\"WebSite\",\"@id\":\"https:\\\/\\\/eyecos.eu\\\/#website\",\"url\":\"https:\\\/\\\/eyecos.eu\\\/\",\"name\":\"Cl\u00ednica Eyecos - Cambio color de ojos\",\"description\":\"\u00danica clinica que realiza el cambio del color de los ojos con l\u00e1ser con m\u00e1s 1000 pacientes y casi 10 a\u00f1os de experiencia\",\"publisher\":{\"@id\":\"https:\\\/\\\/eyecos.eu\\\/#organization\"},\"potentialAction\":[{\"@type\":\"SearchAction\",\"target\":{\"@type\":\"EntryPoint\",\"urlTemplate\":\"https:\\\/\\\/eyecos.eu\\\/?s={search_term_string}\"},\"query-input\":{\"@type\":\"PropertyValueSpecification\",\"valueRequired\":true,\"valueName\":\"search_term_string\"}}],\"inLanguage\":\"en-US\"},{\"@type\":\"Organization\",\"@id\":\"https:\\\/\\\/eyecos.eu\\\/#organization\",\"name\":\"Cl\u00ednica Eyecos - Cambio color de ojos\",\"url\":\"https:\\\/\\\/eyecos.eu\\\/\",\"logo\":{\"@type\":\"ImageObject\",\"inLanguage\":\"en-US\",\"@id\":\"https:\\\/\\\/eyecos.eu\\\/#\\\/schema\\\/logo\\\/image\\\/\",\"url\":\"https:\\\/\\\/eyecos.eu\\\/wp-content\\\/uploads\\\/2026\\\/03\\\/LOGO-EYECOS.png\",\"contentUrl\":\"https:\\\/\\\/eyecos.eu\\\/wp-content\\\/uploads\\\/2026\\\/03\\\/LOGO-EYECOS.png\",\"width\":480,\"height\":480,\"caption\":\"Cl\u00ednica Eyecos - Cambio color de ojos\"},\"image\":{\"@id\":\"https:\\\/\\\/eyecos.eu\\\/#\\\/schema\\\/logo\\\/image\\\/\"},\"sameAs\":[\"https:\\\/\\\/www.facebook.com\\\/neweyeslaser\",\"https:\\\/\\\/x.com\\\/NewEyesLaser\",\"https:\\\/\\\/www.instagram.com\\\/neweyeslaser\\\/\",\"https:\\\/\\\/www.youtube.com\\\/channel\\\/UCEP1SxNwkXaEJ7b47xm7jSg\",\"https:\\\/\\\/www.tiktok.com\\\/@eyecosclinic\",\"https:\\\/\\\/www.linkedin.com\\\/company\\\/clinica-eyecos\\\/posts\\\/?feedView=all\"],\"description\":\"Eyecos se destaca como la cl\u00ednica pionera a nivel mundial en realizar el cambio de color de los ojos mediante iridoplastia l\u00e1ser y con una tecnolog\u00eda \u00fanica, dise\u00f1ada y patentada por el Doctor Pedro Grimaldos. Lo que nos diferencia de otras cl\u00ednicas de cambio de color de ojos es que empleamos la tecnolog\u00eda m\u00e1s avanzada y segura en el mundo, lo que nos consolida como referentes en el desarrollo e investigaci\u00f3n para el cambio de color de ojos.\",\"email\":\"info@eyecos.eu\",\"telephone\":\"+34 938 10 22 50\",\"legalName\":\"NEWEYES TECH, SL\",\"vatID\":\"B67266148\",\"numberOfEmployees\":{\"@type\":\"QuantitativeValue\",\"minValue\":\"11\",\"maxValue\":\"50\"}},{\"@type\":\"Person\",\"@id\":\"https:\\\/\\\/eyecos.eu\\\/#\\\/schema\\\/person\\\/f20173e41b5c919346ab693d757ea605\",\"name\":\"coordinatormedia@eyecos.eu\",\"image\":{\"@type\":\"ImageObject\",\"inLanguage\":\"en-US\",\"@id\":\"https:\\\/\\\/secure.gravatar.com\\\/avatar\\\/af63533680aa934fdd5471eb5b164d24a28d6ddaec95a130ab82a9c442c8d48d?s=96&d=mm&r=g\",\"url\":\"https:\\\/\\\/secure.gravatar.com\\\/avatar\\\/af63533680aa934fdd5471eb5b164d24a28d6ddaec95a130ab82a9c442c8d48d?s=96&d=mm&r=g\",\"contentUrl\":\"https:\\\/\\\/secure.gravatar.com\\\/avatar\\\/af63533680aa934fdd5471eb5b164d24a28d6ddaec95a130ab82a9c442c8d48d?s=96&d=mm&r=g\",\"caption\":\"coordinatormedia@eyecos.eu\"},\"url\":\"https:\\\/\\\/eyecos.eu\\\/en\\\/author\\\/coordinatormediaeyecos-eu\\\/\"}]}<\/script>\n<!-- \/ Yoast SEO Premium plugin. -->","yoast_head_json":{"title":"1st Edition of the Barcelona International Eye Laser Congress \u2013 LOB\u201925\u00a0 - Cl\u00ednica Eyecos - Cambio color de ojos","description":"Primera edici\u00f3n de L\u00e1ser Ocular Barcelona que tendr\u00e1 lugar en la ciudad condal el 7-8 de Noviembre del 2025.","robots":{"index":"index","follow":"follow","max-snippet":"max-snippet:-1","max-image-preview":"max-image-preview:large","max-video-preview":"max-video-preview:-1"},"canonical":"https:\/\/eyecos.eu\/en\/2026\/01\/09\/1a-edicion-del-congreso-internacional-laser-ocular-barcelona-lob25\/","og_locale":"en_US","og_type":"article","og_title":"1st Edition of the Barcelona International Eye Laser Congress \u2013 LOB\u201925\u00a0","og_description":"Primera edici\u00f3n de L\u00e1ser Ocular Barcelona que tendr\u00e1 lugar en la ciudad condal el 7-8 de Noviembre del 2025.","og_url":"https:\/\/eyecos.eu\/en\/2026\/01\/09\/1a-edicion-del-congreso-internacional-laser-ocular-barcelona-lob25\/","og_site_name":"Cl\u00ednica Eyecos - Cambio color de ojos","article_publisher":"https:\/\/www.facebook.com\/neweyeslaser","article_published_time":"2026-01-09T11:37:23+00:00","article_modified_time":"2026-04-19T16:38:09+00:00","og_image":[{"width":2232,"height":1234,"url":"https:\/\/eyecos.eu\/wp-content\/uploads\/2025\/03\/congreso-ocular-barcelona.jpg","type":"image\/jpeg"}],"author":"coordinatormedia@eyecos.eu","twitter_card":"summary_large_image","twitter_creator":"@NewEyesLaser","twitter_site":"@NewEyesLaser","twitter_misc":{"Written by":"coordinatormedia@eyecos.eu","Est. reading time":"1 minute"},"schema":{"@context":"https:\/\/schema.org","@graph":[{"@type":"Article","@id":"https:\/\/eyecos.eu\/en\/2026\/01\/09\/1a-edicion-del-congreso-internacional-laser-ocular-barcelona-lob25\/#article","isPartOf":{"@id":"https:\/\/eyecos.eu\/en\/2026\/01\/09\/1a-edicion-del-congreso-internacional-laser-ocular-barcelona-lob25\/"},"author":{"name":"coordinatormedia@eyecos.eu","@id":"https:\/\/eyecos.eu\/#\/schema\/person\/f20173e41b5c919346ab693d757ea605"},"headline":"1st Edition of the Barcelona International Eye Laser Congress \u2013 LOB\u201925\u00a0","datePublished":"2026-01-09T11:37:23+00:00","dateModified":"2026-04-19T16:38:09+00:00","mainEntityOfPage":{"@id":"https:\/\/eyecos.eu\/en\/2026\/01\/09\/1a-edicion-del-congreso-internacional-laser-ocular-barcelona-lob25\/"},"wordCount":211,"publisher":{"@id":"https:\/\/eyecos.eu\/#organization"},"image":{"@id":"https:\/\/eyecos.eu\/en\/2026\/01\/09\/1a-edicion-del-congreso-internacional-laser-ocular-barcelona-lob25\/#primaryimage"},"thumbnailUrl":"https:\/\/eyecos.eu\/wp-content\/uploads\/2025\/03\/congreso-ocular-barcelona.jpg","articleSection":["Congresses","News"],"inLanguage":"en-US"},{"@type":"WebPage","@id":"https:\/\/eyecos.eu\/en\/2026\/01\/09\/1a-edicion-del-congreso-internacional-laser-ocular-barcelona-lob25\/","url":"https:\/\/eyecos.eu\/en\/2026\/01\/09\/1a-edicion-del-congreso-internacional-laser-ocular-barcelona-lob25\/","name":"1st Edition of the Barcelona International Eye Laser Congress \u2013 LOB\u201925\u00a0 - Cl\u00ednica Eyecos - Cambio color de ojos","isPartOf":{"@id":"https:\/\/eyecos.eu\/#website"},"primaryImageOfPage":{"@id":"https:\/\/eyecos.eu\/en\/2026\/01\/09\/1a-edicion-del-congreso-internacional-laser-ocular-barcelona-lob25\/#primaryimage"},"image":{"@id":"https:\/\/eyecos.eu\/en\/2026\/01\/09\/1a-edicion-del-congreso-internacional-laser-ocular-barcelona-lob25\/#primaryimage"},"thumbnailUrl":"https:\/\/eyecos.eu\/wp-content\/uploads\/2025\/03\/congreso-ocular-barcelona.jpg","datePublished":"2026-01-09T11:37:23+00:00","dateModified":"2026-04-19T16:38:09+00:00","description":"Primera edici\u00f3n de L\u00e1ser Ocular Barcelona que tendr\u00e1 lugar en la ciudad condal el 7-8 de Noviembre del 2025.","breadcrumb":{"@id":"https:\/\/eyecos.eu\/en\/2026\/01\/09\/1a-edicion-del-congreso-internacional-laser-ocular-barcelona-lob25\/#breadcrumb"},"inLanguage":"en-US","potentialAction":[{"@type":"ReadAction","target":["https:\/\/eyecos.eu\/en\/2026\/01\/09\/1a-edicion-del-congreso-internacional-laser-ocular-barcelona-lob25\/"]}]},{"@type":"ImageObject","inLanguage":"en-US","@id":"https:\/\/eyecos.eu\/en\/2026\/01\/09\/1a-edicion-del-congreso-internacional-laser-ocular-barcelona-lob25\/#primaryimage","url":"https:\/\/eyecos.eu\/wp-content\/uploads\/2025\/03\/congreso-ocular-barcelona.jpg","contentUrl":"https:\/\/eyecos.eu\/wp-content\/uploads\/2025\/03\/congreso-ocular-barcelona.jpg","width":2232,"height":1234},{"@type":"BreadcrumbList","@id":"https:\/\/eyecos.eu\/en\/2026\/01\/09\/1a-edicion-del-congreso-internacional-laser-ocular-barcelona-lob25\/#breadcrumb","itemListElement":[{"@type":"ListItem","position":1,"name":"Home","item":"https:\/\/eyecos.eu\/en\/"},{"@type":"ListItem","position":2,"name":"1st Edition of the Barcelona International Eye Laser Congress \u2013 LOB\u201925\u00a0"}]},{"@type":"WebSite","@id":"https:\/\/eyecos.eu\/#website","url":"https:\/\/eyecos.eu\/","name":"Cl\u00ednica Eyecos - Cambio color de ojos","description":"\u00danica clinica que realiza el cambio del color de los ojos con l\u00e1ser con m\u00e1s 1000 pacientes y casi 10 a\u00f1os de experiencia","publisher":{"@id":"https:\/\/eyecos.eu\/#organization"},"potentialAction":[{"@type":"SearchAction","target":{"@type":"EntryPoint","urlTemplate":"https:\/\/eyecos.eu\/?s={search_term_string}"},"query-input":{"@type":"PropertyValueSpecification","valueRequired":true,"valueName":"search_term_string"}}],"inLanguage":"en-US"},{"@type":"Organization","@id":"https:\/\/eyecos.eu\/#organization","name":"Cl\u00ednica Eyecos - Cambio color de ojos","url":"https:\/\/eyecos.eu\/","logo":{"@type":"ImageObject","inLanguage":"en-US","@id":"https:\/\/eyecos.eu\/#\/schema\/logo\/image\/","url":"https:\/\/eyecos.eu\/wp-content\/uploads\/2026\/03\/LOGO-EYECOS.png","contentUrl":"https:\/\/eyecos.eu\/wp-content\/uploads\/2026\/03\/LOGO-EYECOS.png","width":480,"height":480,"caption":"Cl\u00ednica Eyecos - Cambio color de ojos"},"image":{"@id":"https:\/\/eyecos.eu\/#\/schema\/logo\/image\/"},"sameAs":["https:\/\/www.facebook.com\/neweyeslaser","https:\/\/x.com\/NewEyesLaser","https:\/\/www.instagram.com\/neweyeslaser\/","https:\/\/www.youtube.com\/channel\/UCEP1SxNwkXaEJ7b47xm7jSg","https:\/\/www.tiktok.com\/@eyecosclinic","https:\/\/www.linkedin.com\/company\/clinica-eyecos\/posts\/?feedView=all"],"description":"Eyecos se destaca como la cl\u00ednica pionera a nivel mundial en realizar el cambio de color de los ojos mediante iridoplastia l\u00e1ser y con una tecnolog\u00eda \u00fanica, dise\u00f1ada y patentada por el Doctor Pedro Grimaldos. Lo que nos diferencia de otras cl\u00ednicas de cambio de color de ojos es que empleamos la tecnolog\u00eda m\u00e1s avanzada y segura en el mundo, lo que nos consolida como referentes en el desarrollo e investigaci\u00f3n para el cambio de color de ojos.","email":"info@eyecos.eu","telephone":"+34 938 10 22 50","legalName":"NEWEYES TECH, SL","vatID":"B67266148","numberOfEmployees":{"@type":"QuantitativeValue","minValue":"11","maxValue":"50"}},{"@type":"Person","@id":"https:\/\/eyecos.eu\/#\/schema\/person\/f20173e41b5c919346ab693d757ea605","name":"coordinatormedia@eyecos.eu","image":{"@type":"ImageObject","inLanguage":"en-US","@id":"https:\/\/secure.gravatar.com\/avatar\/af63533680aa934fdd5471eb5b164d24a28d6ddaec95a130ab82a9c442c8d48d?s=96&d=mm&r=g","url":"https:\/\/secure.gravatar.com\/avatar\/af63533680aa934fdd5471eb5b164d24a28d6ddaec95a130ab82a9c442c8d48d?s=96&d=mm&r=g","contentUrl":"https:\/\/secure.gravatar.com\/avatar\/af63533680aa934fdd5471eb5b164d24a28d6ddaec95a130ab82a9c442c8d48d?s=96&d=mm&r=g","caption":"coordinatormedia@eyecos.eu"},"url":"https:\/\/eyecos.eu\/en\/author\/coordinatormediaeyecos-eu\/"}]}},"_links":{"self":[{"href":"https:\/\/eyecos.eu\/en\/wp-json\/wp\/v2\/posts\/299900","targetHints":{"allow":["GET"]}}],"collection":[{"href":"https:\/\/eyecos.eu\/en\/wp-json\/wp\/v2\/posts"}],"about":[{"href":"https:\/\/eyecos.eu\/en\/wp-json\/wp\/v2\/types\/post"}],"author":[{"embeddable":true,"href":"https:\/\/eyecos.eu\/en\/wp-json\/wp\/v2\/users\/2"}],"replies":[{"embeddable":true,"href":"https:\/\/eyecos.eu\/en\/wp-json\/wp\/v2\/comments?post=299900"}],"version-history":[{"count":4,"href":"https:\/\/eyecos.eu\/en\/wp-json\/wp\/v2\/posts\/299900\/revisions"}],"predecessor-version":[{"id":299942,"href":"https:\/\/eyecos.eu\/en\/wp-json\/wp\/v2\/posts\/299900\/revisions\/299942"}],"wp:featuredmedia":[{"embeddable":true,"href":"https:\/\/eyecos.eu\/en\/wp-json\/wp\/v2\/media\/297867"}],"wp:attachment":[{"href":"https:\/\/eyecos.eu\/en\/wp-json\/wp\/v2\/media?parent=299900"}],"wp:term":[{"taxonomy":"category","embeddable":true,"href":"https:\/\/eyecos.eu\/en\/wp-json\/wp\/v2\/categories?post=299900"},{"taxonomy":"post_tag","embeddable":true,"href":"https:\/\/eyecos.eu\/en\/wp-json\/wp\/v2\/tags?post=299900"}],"curies":[{"name":"wp","href":"https:\/\/api.w.org\/{rel}","templated":true}]}}